{"id":9421,"date":"2023-03-22T13:50:58","date_gmt":"2023-03-22T16:50:58","guid":{"rendered":"https:\/\/www.coneau.gob.ar\/coneau\/?p=9421"},"modified":"2023-04-26T15:18:26","modified_gmt":"2023-04-26T18:18:26","slug":"inicio-la-primera-edicion-del-curso-en-evaluacion-y-acreditacion-universitaria-en-iberoamerica","status":"publish","type":"post","link":"https:\/\/www.coneau.gob.ar\/coneau\/inicio-la-primera-edicion-del-curso-en-evaluacion-y-acreditacion-universitaria-en-iberoamerica\/","title":{"rendered":"Comenz\u00f3 el curso en Evaluaci\u00f3n y Acreditaci\u00f3n Universitaria en Iberoam\u00e9rica"},"content":{"rendered":"<div id=\"pl-9421\"  class=\"panel-layout\" ><div id=\"pg-9421-0\"  class=\"panel-grid panel-no-style\" ><div id=\"pgc-9421-0-0\"  class=\"panel-grid-cell\" ><div id=\"panel-9421-0-0-0\" class=\"so-panel widget widget_text panel-first-child panel-last-child\" data-index=\"0\" >\t\t\t<div class=\"textwidget\"><p class=\"x_MsoNormal\"><strong>La primera edici\u00f3n del a\u00f1o re\u00fane a participantes de M\u00e9xico, Venezuela, Paraguay, Colombia, Uruguay y Argentina.<\/strong><\/p>\n<p class=\"x_MsoNormal\">La primera clase estuvo a cargo de Gabriela Chidichimo, directora de Desarrollo y Relaciones Internacionales y de Sof\u00eda Farizano, responsable del \u00e1rea de Relaciones Internacionales y de la Escuela de Formaci\u00f3n CONEAU, \u00e1rea organizadora de la actividad.<\/p>\n<p class=\"x_MsoNormal\">A lo largo del curso, los participantes adoptar\u00e1n los conocimientos introductorios sobre las diferentes concepciones y perspectivas de la calidad en la educaci\u00f3n superior, los modelos y sistemas de evaluaci\u00f3n existentes en la regi\u00f3n iberoamericana.<\/p>\n<p>Se desarrolla en modalidad a distancia, combinando encuentros sincr\u00f3nicos y\u00a0\u00a0trabajos en campus virtual,\u00a0 que promueven la reflexi\u00f3n y el debate sobre el rol del aseguramiento de la calidad en la regi\u00f3n, sus diferentes enfoques y los diversos modelos de aplicaci\u00f3n en los pa\u00edses.<\/p>\n<p>La pr\u00f3xima edici\u00f3n se realizar\u00e1 en septiembre. Aquellos interesados podr\u00e1n acceder a m\u00e1s informaci\u00f3n <a href=\"https:\/\/www.coneau.gob.ar\/escueladeformacion\/curso-de-introduccion-en-iberoamerica\/\">desde aqu\u00ed\u00a0<\/a><\/p>\n<\/div>\n\t\t<\/div><\/div><div id=\"pgc-9421-0-1\"  class=\"panel-grid-cell\" ><div id=\"panel-9421-0-1-0\" class=\"so-panel widget panel-first-child\" data-index=\"1\" ><\/div><div id=\"panel-9421-0-1-1\" class=\"so-panel widget panel-last-child\" data-index=\"2\" ><\/div><\/div><\/div><\/div>","protected":false},"excerpt":{"rendered":"<p>La primera edici\u00f3n del a\u00f1o re\u00fane a participantes de M\u00e9xico, Venezuela, Paraguay, Colombia, Uruguay y Argentina. La primera clase estuvo a cargo de Gabriela Chidichimo, directora de Desarrollo y Relaciones Internacionales y de Sof\u00eda Farizano, responsable del \u00e1rea de Relaciones Internacionales y de la Escuela de Formaci\u00f3n CONEAU, \u00e1rea organizadora de la actividad. A lo &hellip; <a href=\"https:\/\/www.coneau.gob.ar\/coneau\/inicio-la-primera-edicion-del-curso-en-evaluacion-y-acreditacion-universitaria-en-iberoamerica\/\" class=\"more-link\">Seguir leyendo <span class=\"screen-reader-text\">Comenz\u00f3 el curso en Evaluaci\u00f3n y Acreditaci\u00f3n Universitaria en Iberoam\u00e9rica<\/span> <span class=\"meta-nav\">&rarr;<\/span><\/a><\/p>\n","protected":false},"author":2,"featured_media":9383,"comment_status":"open","ping_status":"open","sticky":false,"template":"","format":"standard","meta":[],"categories":[33],"tags":[],"acf":[],"_links":{"self":[{"href":"https:\/\/www.coneau.gob.ar\/coneau\/wp-json\/wp\/v2\/posts\/9421"}],"collection":[{"href":"https:\/\/www.coneau.gob.ar\/coneau\/wp-json\/wp\/v2\/posts"}],"about":[{"href":"https:\/\/www.coneau.gob.ar\/coneau\/wp-json\/wp\/v2\/types\/post"}],"author":[{"embeddable":true,"href":"https:\/\/www.coneau.gob.ar\/coneau\/wp-json\/wp\/v2\/users\/2"}],"replies":[{"embeddable":true,"href":"https:\/\/www.coneau.gob.ar\/coneau\/wp-json\/wp\/v2\/comments?post=9421"}],"version-history":[{"count":25,"href":"https:\/\/www.coneau.gob.ar\/coneau\/wp-json\/wp\/v2\/posts\/9421\/revisions"}],"predecessor-version":[{"id":9503,"href":"https:\/\/www.coneau.gob.ar\/coneau\/wp-json\/wp\/v2\/posts\/9421\/revisions\/9503"}],"wp:featuredmedia":[{"embeddable":true,"href":"https:\/\/www.coneau.gob.ar\/coneau\/wp-json\/wp\/v2\/media\/9383"}],"wp:attachment":[{"href":"https:\/\/www.coneau.gob.ar\/coneau\/wp-json\/wp\/v2\/media?parent=9421"}],"wp:term":[{"taxonomy":"category","embeddable":true,"href":"https:\/\/www.coneau.gob.ar\/coneau\/wp-json\/wp\/v2\/categories?post=9421"},{"taxonomy":"post_tag","embeddable":true,"href":"https:\/\/www.coneau.gob.ar\/coneau\/wp-json\/wp\/v2\/tags?post=9421"}],"curies":[{"name":"wp","href":"https:\/\/api.w.org\/{rel}","templated":true}]}}