{"id":8107,"date":"2022-06-01T16:11:35","date_gmt":"2022-06-01T19:11:35","guid":{"rendered":"https:\/\/www.coneau.gob.ar\/coneau\/?p=8107"},"modified":"2022-09-01T15:41:40","modified_gmt":"2022-09-01T18:41:40","slug":"coneau-fue-sede-de-la-iv-reunion-de-miembros-de-siaces-2022","status":"publish","type":"post","link":"https:\/\/www.coneau.gob.ar\/coneau\/coneau-fue-sede-de-la-iv-reunion-de-miembros-de-siaces-2022\/","title":{"rendered":"CONEAU fue sede de la VI reuni\u00f3n de miembros de SIACES 2022"},"content":{"rendered":"<p>Los d\u00edas 21 y 22 de abril del corriente, en la sede del organismo, se llev\u00f3 a cabo la 6\u00aa (sexta) reuni\u00f3n del Pleno del Sistema Iberoamericano de Aseguramiento de la Calidad de la Educaci\u00f3n Superior -SIACES-.<\/p>\n<p>Estuvieron representados 16 pa\u00edses iberoamericanos a trav\u00e9s de la participaci\u00f3n de las m\u00e1ximas autoridades de 12 miembros del Sistema y la Secretar\u00eda General Iberoamericana (SEGIB). Para la apertura, se cont\u00f3 con la participaci\u00f3n del Secretario de Pol\u00edticas Universitarias de la Rep\u00fablica Argentina, Oscar Alpa; adem\u00e1s de las palabras de bienvenida del presidente de SIACES y CONEAU, N\u00e9stor Pan; el coordinador del Espacio Iberoamericano del Conocimiento de la Secretar\u00eda General Iberoameriacana (SEGIB), F\u00e9lix Garc\u00eda La\u00fasin; el Secretario Ejecutivo del SIACES, Alberto Dibbern.<\/p>\n<p><a href=\"https:\/\/www.coneau.gob.ar\/coneau\/wp-content\/uploads\/2022\/05\/Im\u00e1genes-Bolet\u00edn.png\"><img decoding=\"async\" loading=\"lazy\" class=\"aligncenter wp-image-8116 size-full\" src=\"https:\/\/www.coneau.gob.ar\/coneau\/wp-content\/uploads\/2022\/05\/Im\u00e1genes-Bolet\u00edn.png\" alt=\"\" width=\"600\" height=\"300\" srcset=\"https:\/\/www.coneau.gob.ar\/coneau\/wp-content\/uploads\/2022\/05\/Im\u00e1genes-Bolet\u00edn.png 600w, https:\/\/www.coneau.gob.ar\/coneau\/wp-content\/uploads\/2022\/05\/Im\u00e1genes-Bolet\u00edn-300x150.png 300w\" sizes=\"(max-width: 600px) 100vw, 600px\" \/><\/a><\/p>\n<p>La reuni\u00f3n del Pleno, que se realiza en forma anual, es el principal \u00f3rgano de gobierno del SIACES y tiene como prop\u00f3sito delinear las acciones conjuntas y planes de trabajo que surgen de los acuerdos expresados por las Jefas y Jefes de Estado y de Gobierno en las Cumbres Iberoamericanas.<\/p>\n<p>Dentro del informe que realiz\u00f3 la Presidencia junto con la Secretar\u00eda T\u00e9cnica sobre las acciones llevadas adelante desde la creaci\u00f3n del organismo, se destaca la implementaci\u00f3n de los procesos de Validaci\u00f3n de Buenas Pr\u00e1cticas de Agencias, el Registro Iberoamericano de Programas de Educaci\u00f3n Superior Acreditados, la Escuela de Formaci\u00f3n SIACES, los Sellos de Calidad SIACES, la gesti\u00f3n de los convenios con otros organismos multilaterales de calidad, (como INQAAHE y ENQA) y la declaraci\u00f3n de la Educaci\u00f3n Superior como Derecho Humano en los modelos de evaluaci\u00f3n y acreditaci\u00f3n. Asimismo, se realiz\u00f3 la elecci\u00f3n de autoridades para el per\u00edodo 2022-2025, dando lugar a la reelecci\u00f3n de CONEAU como agencia a cargo de la Presidencia y Secretar\u00eda T\u00e9cnica de SIACES.<\/p>\n<div><a href=\"https:\/\/www.coneau.gob.ar\/coneau\/wp-content\/uploads\/2022\/05\/PPT-SIACES-10.png\"><img decoding=\"async\" loading=\"lazy\" class=\"alignnone wp-image-8117\" src=\"https:\/\/www.coneau.gob.ar\/coneau\/wp-content\/uploads\/2022\/05\/PPT-SIACES-10.png\" alt=\"\" width=\"550\" height=\"413\" srcset=\"https:\/\/www.coneau.gob.ar\/coneau\/wp-content\/uploads\/2022\/05\/PPT-SIACES-10.png 1024w, https:\/\/www.coneau.gob.ar\/coneau\/wp-content\/uploads\/2022\/05\/PPT-SIACES-10-300x225.png 300w, https:\/\/www.coneau.gob.ar\/coneau\/wp-content\/uploads\/2022\/05\/PPT-SIACES-10-768x576.png 768w\" sizes=\"(max-width: 550px) 100vw, 550px\" \/><\/a><\/div>\n<div><\/div>\n<div><\/div>\n<p>Paralelamente, la semana del 19 al 22 de abril, se cont\u00f3 con la visita especial de las m\u00e1ximas autoridades de European Association for Quality Assurance in Higher Education (ENQA), representadas por Douglas Backstock, Presidente, Cristina Ghitulica, Vicepresidenta y Antonio Serrano, Tesorero. Adem\u00e1s de la participaci\u00f3n en la reuni\u00f3n plenaria como invitados especiales, la delegaci\u00f3n complet\u00f3 una agenda de reuniones con diferentes autoridades del Sistema, entre las que incluy\u00f3 un encuentro con el Ministro de Educaci\u00f3n, Jaime Peczyk y los Rectores de la Universidad Nacional de San Mart\u00edn, Carlos Greco y de la Universidad Argentina de la Empresa, H\u00e9ctor Masoero y Ricardo Orosco.<\/p>\n<div><a href=\"https:\/\/www.coneau.gob.ar\/coneau\/wp-content\/uploads\/2022\/05\/Para-slider-sitio-web-8.png\"><img decoding=\"async\" loading=\"lazy\" class=\"alignnone wp-image-8140\" src=\"https:\/\/www.coneau.gob.ar\/coneau\/wp-content\/uploads\/2022\/05\/Para-slider-sitio-web-8.png\" alt=\"\" width=\"550\" height=\"309\" srcset=\"https:\/\/www.coneau.gob.ar\/coneau\/wp-content\/uploads\/2022\/05\/Para-slider-sitio-web-8.png 1920w, https:\/\/www.coneau.gob.ar\/coneau\/wp-content\/uploads\/2022\/05\/Para-slider-sitio-web-8-300x169.png 300w, https:\/\/www.coneau.gob.ar\/coneau\/wp-content\/uploads\/2022\/05\/Para-slider-sitio-web-8-1024x576.png 1024w, https:\/\/www.coneau.gob.ar\/coneau\/wp-content\/uploads\/2022\/05\/Para-slider-sitio-web-8-768x432.png 768w, https:\/\/www.coneau.gob.ar\/coneau\/wp-content\/uploads\/2022\/05\/Para-slider-sitio-web-8-1536x864.png 1536w\" sizes=\"(max-width: 550px) 100vw, 550px\" \/><\/a><\/div>\n","protected":false},"excerpt":{"rendered":"<p>Los d\u00edas 21 y 22 de abril del corriente, en la sede del organismo, se llev\u00f3 a cabo la 6\u00aa (sexta) reuni\u00f3n del Pleno del Sistema Iberoamericano de Aseguramiento de la Calidad de la Educaci\u00f3n Superior -SIACES-. Estuvieron representados 16 pa\u00edses iberoamericanos a trav\u00e9s de la participaci\u00f3n de las m\u00e1ximas autoridades de 12 miembros del &hellip; <a href=\"https:\/\/www.coneau.gob.ar\/coneau\/coneau-fue-sede-de-la-iv-reunion-de-miembros-de-siaces-2022\/\" class=\"more-link\">Seguir leyendo <span class=\"screen-reader-text\">CONEAU fue sede de la VI reuni\u00f3n de miembros de SIACES 2022<\/span> <span class=\"meta-nav\">&rarr;<\/span><\/a><\/p>\n","protected":false},"author":2,"featured_media":8109,"comment_status":"open","ping_status":"open","sticky":false,"template":"","format":"standard","meta":[],"categories":[33],"tags":[],"acf":[],"_links":{"self":[{"href":"https:\/\/www.coneau.gob.ar\/coneau\/wp-json\/wp\/v2\/posts\/8107"}],"collection":[{"href":"https:\/\/www.coneau.gob.ar\/coneau\/wp-json\/wp\/v2\/posts"}],"about":[{"href":"https:\/\/www.coneau.gob.ar\/coneau\/wp-json\/wp\/v2\/types\/post"}],"author":[{"embeddable":true,"href":"https:\/\/www.coneau.gob.ar\/coneau\/wp-json\/wp\/v2\/users\/2"}],"replies":[{"embeddable":true,"href":"https:\/\/www.coneau.gob.ar\/coneau\/wp-json\/wp\/v2\/comments?post=8107"}],"version-history":[{"count":11,"href":"https:\/\/www.coneau.gob.ar\/coneau\/wp-json\/wp\/v2\/posts\/8107\/revisions"}],"predecessor-version":[{"id":8269,"href":"https:\/\/www.coneau.gob.ar\/coneau\/wp-json\/wp\/v2\/posts\/8107\/revisions\/8269"}],"wp:featuredmedia":[{"embeddable":true,"href":"https:\/\/www.coneau.gob.ar\/coneau\/wp-json\/wp\/v2\/media\/8109"}],"wp:attachment":[{"href":"https:\/\/www.coneau.gob.ar\/coneau\/wp-json\/wp\/v2\/media?parent=8107"}],"wp:term":[{"taxonomy":"category","embeddable":true,"href":"https:\/\/www.coneau.gob.ar\/coneau\/wp-json\/wp\/v2\/categories?post=8107"},{"taxonomy":"post_tag","embeddable":true,"href":"https:\/\/www.coneau.gob.ar\/coneau\/wp-json\/wp\/v2\/tags?post=8107"}],"curies":[{"name":"wp","href":"https:\/\/api.w.org\/{rel}","templated":true}]}}