{"id":4062,"date":"2018-05-21T15:05:08","date_gmt":"2018-05-21T18:05:08","guid":{"rendered":"http:\/\/www.coneau.gob.ar\/CONEAU\/?p=4062"},"modified":"2018-06-04T11:17:56","modified_gmt":"2018-06-04T14:17:56","slug":"curso-de-actualizacion-en-procesos-de-acreditacion-en-santa-fe","status":"publish","type":"post","link":"https:\/\/www.coneau.gob.ar\/coneau\/curso-de-actualizacion-en-procesos-de-acreditacion-en-santa-fe\/","title":{"rendered":"Curso de actualizaci\u00f3n en procesos de acreditaci\u00f3n en Santa Fe"},"content":{"rendered":"<p style=\"text-align: justify;\"><strong>En el marco del programa de Actualizaci\u00f3n en los Procesos de Evaluaci\u00f3n y Acreditaci\u00f3n, el 16 y 17 de mayo CONEAU viaj\u00f3 a Santa Fe para llevar adelante la fase presencial de un nuevo curso, que organiz\u00f3 esta vez con la colaboraci\u00f3n de la Universidad Nacional del Litoral.<\/strong><\/p>\n<p style=\"text-align: justify;\"><a href=\"http:\/\/www.coneau.gob.ar\/CONEAU\/wp-content\/uploads\/2018\/05\/Image.jpg\"><img decoding=\"async\" loading=\"lazy\" class=\"alignleft wp-image-4071\" src=\"http:\/\/www.coneau.gob.ar\/CONEAU\/wp-content\/uploads\/2018\/05\/Image-1024x576.jpg\" alt=\"Image\" width=\"1000\" height=\"563\" srcset=\"https:\/\/www.coneau.gob.ar\/coneau\/wp-content\/uploads\/2018\/05\/Image-1024x576.jpg 1024w, https:\/\/www.coneau.gob.ar\/coneau\/wp-content\/uploads\/2018\/05\/Image-300x169.jpg 300w, https:\/\/www.coneau.gob.ar\/coneau\/wp-content\/uploads\/2018\/05\/Image.jpg 1032w\" sizes=\"(max-width: 1000px) 100vw, 1000px\" \/><\/a><\/p>\n<p style=\"text-align: justify;\">El encuentro se realiz\u00f3 en la Facultad de Ciencias Jur\u00eddicas y Sociales y se centr\u00f3 en los procedimientos para la acreditaci\u00f3n de carreras de Derecho y Contador P\u00fablico. Cont\u00f3 con la asistencia de representantes de m\u00e1s de cuarenta instituciones universitarias.<\/p>\n<p style=\"text-align: justify;\"><strong>La apertura de la actividad tuvo como orador principal al Vicepresidente de CONEAU, Dr. Mariano Candioti. Tambi\u00e9n participaron el Vicerrector de la Universidad, Claudio Horacio Liz\u00e1rraga y el Decano de la Facultad anfitriona, Javier Francisco Aga.<\/strong><\/p>\n<p style=\"text-align: justify;\">Las jornadas contaron con la exposici\u00f3n del Director de Desarrollo y Relaciones Internacionales de la CONEAU, Mart\u00edn Strah, quien disert\u00f3 sobre el funcionamiento del organismo y las caracter\u00edsticas del sistema universitario argentino.<\/p>\n<p style=\"text-align: justify;\"><a href=\"http:\/\/www.coneau.gob.ar\/CONEAU\/wp-content\/uploads\/2018\/05\/Image-3-e1526927070202.jpg\"><img decoding=\"async\" loading=\"lazy\" class=\"alignnone wp-image-4070 size-full\" src=\"http:\/\/www.coneau.gob.ar\/CONEAU\/wp-content\/uploads\/2018\/05\/Image-3-e1526927070202.jpg\" alt=\"Image-3\" width=\"1032\" height=\"394\" srcset=\"https:\/\/www.coneau.gob.ar\/coneau\/wp-content\/uploads\/2018\/05\/Image-3-e1526927070202.jpg 1032w, https:\/\/www.coneau.gob.ar\/coneau\/wp-content\/uploads\/2018\/05\/Image-3-e1526927070202-300x115.jpg 300w, https:\/\/www.coneau.gob.ar\/coneau\/wp-content\/uploads\/2018\/05\/Image-3-e1526927070202-1024x391.jpg 1024w\" sizes=\"(max-width: 1032px) 100vw, 1032px\" \/><\/a><\/p>\n<p style=\"text-align: justify;\">Por su parte, Guillermo Crapiste, miembro de la CONEAU y la Directora de Acreditaci\u00f3n de Carreras, Marcela Groppo, explicaron los principales aspectos de las convocatorias para la acreditaci\u00f3n de carreras de Abogac\u00eda y Contador P\u00fablico, teniendo en cuenta la normativa en general que regula \u00a0la acreditaci\u00f3n de grado, la autoevaluaci\u00f3n de las carreras, la conformaci\u00f3n de los comit\u00e9s de pares, entre otros aspectos.<\/p>\n<p style=\"text-align: justify;\"><a href=\"http:\/\/www.coneau.gob.ar\/CONEAU\/wp-content\/uploads\/2018\/05\/Image-3-1-e1526927160721.jpg\"><img decoding=\"async\" loading=\"lazy\" class=\"alignnone wp-image-4072 size-full\" src=\"http:\/\/www.coneau.gob.ar\/CONEAU\/wp-content\/uploads\/2018\/05\/Image-3-1-e1526927160721.jpg\" alt=\"Image-3 (1)\" width=\"1032\" height=\"464\" srcset=\"https:\/\/www.coneau.gob.ar\/coneau\/wp-content\/uploads\/2018\/05\/Image-3-1-e1526927160721.jpg 1032w, https:\/\/www.coneau.gob.ar\/coneau\/wp-content\/uploads\/2018\/05\/Image-3-1-e1526927160721-300x135.jpg 300w, https:\/\/www.coneau.gob.ar\/coneau\/wp-content\/uploads\/2018\/05\/Image-3-1-e1526927160721-1024x460.jpg 1024w\" sizes=\"(max-width: 1032px) 100vw, 1032px\" \/><\/a><\/p>\n<p>Adem\u00e1s, los asistentes participaron de talleres a cargo del equipo t\u00e9cnico de la CONEAU donde pudieron poner en pr\u00e1ctica diferentes aristas de los procedimientos de acreditaci\u00f3n.<\/p>\n<p><a href=\"http:\/\/www.coneau.gob.ar\/CONEAU\/wp-content\/uploads\/2018\/05\/Image-12-e1526927234169.jpg\"><img decoding=\"async\" loading=\"lazy\" class=\"alignnone wp-image-4074 size-full\" src=\"http:\/\/www.coneau.gob.ar\/CONEAU\/wp-content\/uploads\/2018\/05\/Image-12-e1526927234169.jpg\" alt=\"Image (1)\" width=\"1032\" height=\"590\" srcset=\"https:\/\/www.coneau.gob.ar\/coneau\/wp-content\/uploads\/2018\/05\/Image-12-e1526927234169.jpg 1032w, https:\/\/www.coneau.gob.ar\/coneau\/wp-content\/uploads\/2018\/05\/Image-12-e1526927234169-300x172.jpg 300w, https:\/\/www.coneau.gob.ar\/coneau\/wp-content\/uploads\/2018\/05\/Image-12-e1526927234169-1024x585.jpg 1024w\" sizes=\"(max-width: 1032px) 100vw, 1032px\" \/><\/a><\/p>\n<p>El curso se desarroll\u00f3 en modalidad semipresencial. La ase virtual se desarroll\u00f3\u00a0 entre el 7 y el 11 de mayo.<\/p>\n<p style=\"text-align: justify;\">\n","protected":false},"excerpt":{"rendered":"<p>En el marco del programa de Actualizaci\u00f3n en los Procesos de Evaluaci\u00f3n y Acreditaci\u00f3n, el 16 y 17 de mayo CONEAU viaj\u00f3 a Santa Fe para llevar adelante la fase presencial de un nuevo curso, que organiz\u00f3 esta vez con la colaboraci\u00f3n de la Universidad Nacional del Litoral. El encuentro se realiz\u00f3 en la Facultad &hellip; <a href=\"https:\/\/www.coneau.gob.ar\/coneau\/curso-de-actualizacion-en-procesos-de-acreditacion-en-santa-fe\/\" class=\"more-link\">Seguir leyendo <span class=\"screen-reader-text\">Curso de actualizaci\u00f3n en procesos de acreditaci\u00f3n en Santa Fe<\/span> <span class=\"meta-nav\">&rarr;<\/span><\/a><\/p>\n","protected":false},"author":2,"featured_media":4067,"comment_status":"open","ping_status":"open","sticky":false,"template":"","format":"standard","meta":[],"categories":[33],"tags":[],"acf":[],"_links":{"self":[{"href":"https:\/\/www.coneau.gob.ar\/coneau\/wp-json\/wp\/v2\/posts\/4062"}],"collection":[{"href":"https:\/\/www.coneau.gob.ar\/coneau\/wp-json\/wp\/v2\/posts"}],"about":[{"href":"https:\/\/www.coneau.gob.ar\/coneau\/wp-json\/wp\/v2\/types\/post"}],"author":[{"embeddable":true,"href":"https:\/\/www.coneau.gob.ar\/coneau\/wp-json\/wp\/v2\/users\/2"}],"replies":[{"embeddable":true,"href":"https:\/\/www.coneau.gob.ar\/coneau\/wp-json\/wp\/v2\/comments?post=4062"}],"version-history":[{"count":7,"href":"https:\/\/www.coneau.gob.ar\/coneau\/wp-json\/wp\/v2\/posts\/4062\/revisions"}],"predecessor-version":[{"id":4091,"href":"https:\/\/www.coneau.gob.ar\/coneau\/wp-json\/wp\/v2\/posts\/4062\/revisions\/4091"}],"wp:featuredmedia":[{"embeddable":true,"href":"https:\/\/www.coneau.gob.ar\/coneau\/wp-json\/wp\/v2\/media\/4067"}],"wp:attachment":[{"href":"https:\/\/www.coneau.gob.ar\/coneau\/wp-json\/wp\/v2\/media?parent=4062"}],"wp:term":[{"taxonomy":"category","embeddable":true,"href":"https:\/\/www.coneau.gob.ar\/coneau\/wp-json\/wp\/v2\/categories?post=4062"},{"taxonomy":"post_tag","embeddable":true,"href":"https:\/\/www.coneau.gob.ar\/coneau\/wp-json\/wp\/v2\/tags?post=4062"}],"curies":[{"name":"wp","href":"https:\/\/api.w.org\/{rel}","templated":true}]}}