{"id":3880,"date":"2018-01-27T16:43:29","date_gmt":"2018-01-27T19:43:29","guid":{"rendered":"http:\/\/www.coneau.gob.ar\/CONEAU\/?p=3880"},"modified":"2018-06-05T12:15:21","modified_gmt":"2018-06-05T15:15:21","slug":"coneau-realizo-curso-de-actualizacion-en-rosario","status":"publish","type":"post","link":"https:\/\/www.coneau.gob.ar\/coneau\/coneau-realizo-curso-de-actualizacion-en-rosario\/","title":{"rendered":"CONEAU realiz\u00f3 curso de actualizaci\u00f3n en Rosario"},"content":{"rendered":"<p style=\"text-align: justify;\"><strong>CONEAU viaj\u00f3 a Rosario para desarrollar el tercer curso de Actualizaci\u00f3n de los Procesos de Evaluaci\u00f3n y Acreditaci\u00f3n, en el marco del Programa de Actualizaci\u00f3n que la Comisi\u00f3n \u00a0viene desarrollando desde el a\u00f1o pasado.<\/strong><\/p>\n<p style=\"text-align: justify;\">El encuentro presencial del curso se realiz\u00f3 el 21 y 22 de marzo en la Facultad de Derecho de la Universidad Nacional de Rosario. Cont\u00f3 con m\u00e1s de 190 participantes, de 36 instituciones universitarias p\u00fablicas y privadas del CPRES Centro mayoritariamente.<\/p>\n<p style=\"text-align: justify;\">La apertura estuvo a cargo del Presidente de la CONEAU, N\u00e9stor Pan; el Rector de la Universidad, H\u00e9ctor Floriani y el Decano de la \u00a0Facultad anfitriona, Marcelo Vedrovnik .<\/p>\n<p style=\"text-align: justify;\"><a href=\"http:\/\/www.coneau.gob.ar\/CONEAU\/wp-content\/uploads\/2018\/03\/Apertura_Rosario-2018.jpg\"><img decoding=\"async\" loading=\"lazy\" class=\"alignnone size-full wp-image-3881\" src=\"http:\/\/www.coneau.gob.ar\/CONEAU\/wp-content\/uploads\/2018\/03\/Apertura_Rosario-2018.jpg\" alt=\"Apertura_Rosario 2018\" width=\"918\" height=\"378\" srcset=\"https:\/\/www.coneau.gob.ar\/coneau\/wp-content\/uploads\/2018\/03\/Apertura_Rosario-2018.jpg 918w, https:\/\/www.coneau.gob.ar\/coneau\/wp-content\/uploads\/2018\/03\/Apertura_Rosario-2018-300x124.jpg 300w\" sizes=\"(max-width: 918px) 100vw, 918px\" \/><\/a><\/p>\n<p style=\"text-align: justify;\">Durante la primera jornada se desarrollaron conferencias relacionadas al sistema universitario argentino, el rol de la CONEAU y los principales ejes tem\u00e1ticos del curso.<\/p>\n<p style=\"text-align: justify;\">El Director de Desarrollo y Relaciones Internacionales de CONEAU, Mart\u00edn Strah, disert\u00f3 sobre la estructura y el funcionamiento de la Comisi\u00f3n Nacional.<\/p>\n<p style=\"text-align: justify;\">Roberto Igarza, miembro de la CONEAU y Pablo Tovillas, Director de Evaluaci\u00f3n Institucional, expusieron sobre los Sistemas Institucionales de Educaci\u00f3n a Distancia \u2013SIED- y la convocatoria que CONEAU abri\u00f3 para su evaluaci\u00f3n.<\/p>\n<p style=\"text-align: justify;\">Por su parte, Arturo Somoza, miembro de la Comisi\u00f3n y Marcela Groppo, Directora de Acreditaci\u00f3n de Carreras, presentaron los principales procedimientos para la acreditaci\u00f3n de carreras de Derecho y Contador P\u00fablico.<\/p>\n<p style=\"text-align: justify;\"><a href=\"http:\/\/www.coneau.gob.ar\/CONEAU\/wp-content\/uploads\/2018\/03\/Directores_Rosario-2018.jpg\"><img decoding=\"async\" loading=\"lazy\" class=\"alignnone size-full wp-image-3883\" src=\"http:\/\/www.coneau.gob.ar\/CONEAU\/wp-content\/uploads\/2018\/03\/Directores_Rosario-2018.jpg\" alt=\"Directores_Rosario 2018\" width=\"916\" height=\"326\" srcset=\"https:\/\/www.coneau.gob.ar\/coneau\/wp-content\/uploads\/2018\/03\/Directores_Rosario-2018.jpg 916w, https:\/\/www.coneau.gob.ar\/coneau\/wp-content\/uploads\/2018\/03\/Directores_Rosario-2018-300x107.jpg 300w\" sizes=\"(max-width: 916px) 100vw, 916px\" \/><\/a><\/p>\n<p style=\"text-align: justify;\">Durante la jornada del 22 se realizaron talleres a cargo de integrantes del equipo t\u00e9cnico de la CONEAU, \u00a0en los que los participantes, a trav\u00e9s de diferentes ejercicios, pudieron conocer m\u00e1s en detalle los procedimientos para la evaluaci\u00f3n de los SIED y la acreditaci\u00f3n de carreras de Derecho y Contador P\u00fablico.<\/p>\n<p style=\"text-align: justify;\"><a href=\"http:\/\/www.coneau.gob.ar\/CONEAU\/wp-content\/uploads\/2018\/03\/Talleres.jpg\"><img decoding=\"async\" loading=\"lazy\" class=\"alignnone size-full wp-image-3884\" src=\"http:\/\/www.coneau.gob.ar\/CONEAU\/wp-content\/uploads\/2018\/03\/Talleres.jpg\" alt=\"Talleres\" width=\"918\" height=\"278\" srcset=\"https:\/\/www.coneau.gob.ar\/coneau\/wp-content\/uploads\/2018\/03\/Talleres.jpg 918w, https:\/\/www.coneau.gob.ar\/coneau\/wp-content\/uploads\/2018\/03\/Talleres-300x91.jpg 300w\" sizes=\"(max-width: 918px) 100vw, 918px\" \/><\/a><\/p>\n<p style=\"text-align: justify;\"><a href=\"http:\/\/www.coneau.gob.ar\/CONEAU\/?page_id=3237\">Desde aqu\u00ed podr\u00e1 conocer m\u00e1s sobre el Programa de Actualizaci\u00f3n y los pr\u00f3ximos cursos que CONEAU desarrollar\u00e1 este a\u00f1o.<\/a><\/p>\n","protected":false},"excerpt":{"rendered":"<p>CONEAU viaj\u00f3 a Rosario para desarrollar el tercer curso de Actualizaci\u00f3n de los Procesos de Evaluaci\u00f3n y Acreditaci\u00f3n, en el marco del Programa de Actualizaci\u00f3n que la Comisi\u00f3n \u00a0viene desarrollando desde el a\u00f1o pasado. El encuentro presencial del curso se realiz\u00f3 el 21 y 22 de marzo en la Facultad de Derecho de la Universidad &hellip; <a href=\"https:\/\/www.coneau.gob.ar\/coneau\/coneau-realizo-curso-de-actualizacion-en-rosario\/\" class=\"more-link\">Seguir leyendo <span class=\"screen-reader-text\">CONEAU realiz\u00f3 curso de actualizaci\u00f3n en Rosario<\/span> <span class=\"meta-nav\">&rarr;<\/span><\/a><\/p>\n","protected":false},"author":2,"featured_media":3886,"comment_status":"open","ping_status":"open","sticky":false,"template":"","format":"standard","meta":[],"categories":[33],"tags":[],"acf":[],"_links":{"self":[{"href":"https:\/\/www.coneau.gob.ar\/coneau\/wp-json\/wp\/v2\/posts\/3880"}],"collection":[{"href":"https:\/\/www.coneau.gob.ar\/coneau\/wp-json\/wp\/v2\/posts"}],"about":[{"href":"https:\/\/www.coneau.gob.ar\/coneau\/wp-json\/wp\/v2\/types\/post"}],"author":[{"embeddable":true,"href":"https:\/\/www.coneau.gob.ar\/coneau\/wp-json\/wp\/v2\/users\/2"}],"replies":[{"embeddable":true,"href":"https:\/\/www.coneau.gob.ar\/coneau\/wp-json\/wp\/v2\/comments?post=3880"}],"version-history":[{"count":3,"href":"https:\/\/www.coneau.gob.ar\/coneau\/wp-json\/wp\/v2\/posts\/3880\/revisions"}],"predecessor-version":[{"id":3887,"href":"https:\/\/www.coneau.gob.ar\/coneau\/wp-json\/wp\/v2\/posts\/3880\/revisions\/3887"}],"wp:featuredmedia":[{"embeddable":true,"href":"https:\/\/www.coneau.gob.ar\/coneau\/wp-json\/wp\/v2\/media\/3886"}],"wp:attachment":[{"href":"https:\/\/www.coneau.gob.ar\/coneau\/wp-json\/wp\/v2\/media?parent=3880"}],"wp:term":[{"taxonomy":"category","embeddable":true,"href":"https:\/\/www.coneau.gob.ar\/coneau\/wp-json\/wp\/v2\/categories?post=3880"},{"taxonomy":"post_tag","embeddable":true,"href":"https:\/\/www.coneau.gob.ar\/coneau\/wp-json\/wp\/v2\/tags?post=3880"}],"curies":[{"name":"wp","href":"https:\/\/api.w.org\/{rel}","templated":true}]}}