{"id":3818,"date":"2018-03-06T11:35:43","date_gmt":"2018-03-06T14:35:43","guid":{"rendered":"http:\/\/www.coneau.gob.ar\/CONEAU\/?p=3818"},"modified":"2018-03-28T11:05:22","modified_gmt":"2018-03-28T14:05:22","slug":"en-mendoza-coneau-desarrollo-el-segundo-curso-de-actualizacion","status":"publish","type":"post","link":"https:\/\/www.coneau.gob.ar\/coneau\/en-mendoza-coneau-desarrollo-el-segundo-curso-de-actualizacion\/","title":{"rendered":"Segundo Curso de Actualizaci\u00f3n, en Mendoza"},"content":{"rendered":"<p style=\"text-align: justify;\"><span style=\"color: #000000;\">Los d\u00edas 21 y 22 de febrero tuvo lugar, en la ciudad de Mendoza, la fase presencial del curso de Actualizaci\u00f3n de los procesos de Evaluaci\u00f3n y Acreditaci\u00f3n que CONEAU desarroll\u00f3 con la colaboraci\u00f3n de <strong>la <\/strong>Universidad del Aconcagua, la Universidad de Congreso, la Universidad de Mendoza, la Universidad Champagnat y la Universidad Juan Agust\u00edn Maza.<\/span><\/p>\n<p style=\"text-align: justify;\"><span style=\"color: #000000;\">La apertura de la actividad cont\u00f3 con la participaci\u00f3n del Presidente de la CONEAU, N\u00e9stor Pan, en compa\u00f1\u00eda de Francisco Pi\u00f1\u00f3n, Arturo Somoza, Guillermo Crapiste y Roberto Igarza, miembros de la Comisi\u00f3n.<\/span><\/p>\n<p style=\"text-align: justify;\"><img decoding=\"async\" loading=\"lazy\" class=\"alignnone size-full wp-image-3820\" src=\"http:\/\/www.coneau.gob.ar\/CONEAU\/wp-content\/uploads\/2018\/03\/Miembros_Mendoza-2018.jpg\" alt=\"Miembros_Mendoza 2018\" width=\"919\" height=\"284\" srcset=\"https:\/\/www.coneau.gob.ar\/coneau\/wp-content\/uploads\/2018\/03\/Miembros_Mendoza-2018.jpg 919w, https:\/\/www.coneau.gob.ar\/coneau\/wp-content\/uploads\/2018\/03\/Miembros_Mendoza-2018-300x93.jpg 300w\" sizes=\"(max-width: 919px) 100vw, 919px\" \/><\/p>\n<p style=\"text-align: justify;\"><strong>Durante la jornada del mi\u00e9rcoles 21 la agenda se concentraba en tres conferencias. La primera de ellas en relaci\u00f3n a las caracter\u00edsticas del sistema universitario y el rol de la CONEAU, a cargo del Director de Desarrollo y Relaciones Internacionales, Mart\u00edn Strah. Seguidamente Roberto Igarza, Miembro de la CONEAU y el Director de Evaluaci\u00f3n Institucional, Pablo Tovillas, disertaron sobre la evaluaci\u00f3n de los Sistemas Institucionales de Educaci\u00f3n a Distancia. Por su parte, Guillermo Crapiste, Miembro de la CONEAU y la Directora de Acreditaci\u00f3n de Carreras, Marcela Groppo, expusieron sobre la acreditaci\u00f3n de las carreras de Contador P\u00fablico y Abogac\u00eda.<\/strong><\/p>\n<p style=\"text-align: justify;\"><a href=\"http:\/\/www.coneau.gob.ar\/CONEAU\/wp-content\/uploads\/2018\/03\/Directores_Mendoza-2018.jpg\"><img decoding=\"async\" loading=\"lazy\" class=\"alignnone size-full wp-image-3819\" src=\"http:\/\/www.coneau.gob.ar\/CONEAU\/wp-content\/uploads\/2018\/03\/Directores_Mendoza-2018.jpg\" alt=\"Directores_Mendoza 2018\" width=\"917\" height=\"325\" srcset=\"https:\/\/www.coneau.gob.ar\/coneau\/wp-content\/uploads\/2018\/03\/Directores_Mendoza-2018.jpg 917w, https:\/\/www.coneau.gob.ar\/coneau\/wp-content\/uploads\/2018\/03\/Directores_Mendoza-2018-300x106.jpg 300w\" sizes=\"(max-width: 917px) 100vw, 917px\" \/><\/a><\/p>\n<p style=\"text-align: justify;\"><strong>El d\u00eda jueves los participantes trabajaron en talleres coordinados por integrantes del equipo t\u00e9cnico de la CONEAU, donde se abordaron los diferentes procedimientos y se desarrollaron ejercicios de aplicaci\u00f3n pr\u00e1ctica.<\/strong><\/p>\n<p style=\"text-align: justify;\"><a href=\"http:\/\/www.coneau.gob.ar\/CONEAU\/wp-content\/uploads\/2018\/03\/P\u00fablico_Mendoza-2018.jpg\"><img decoding=\"async\" loading=\"lazy\" class=\"alignnone size-full wp-image-3821\" src=\"http:\/\/www.coneau.gob.ar\/CONEAU\/wp-content\/uploads\/2018\/03\/P\u00fablico_Mendoza-2018.jpg\" alt=\"P\u00fablico_Mendoza 2018\" width=\"919\" height=\"281\" srcset=\"https:\/\/www.coneau.gob.ar\/coneau\/wp-content\/uploads\/2018\/03\/P\u00fablico_Mendoza-2018.jpg 919w, https:\/\/www.coneau.gob.ar\/coneau\/wp-content\/uploads\/2018\/03\/P\u00fablico_Mendoza-2018-300x92.jpg 300w\" sizes=\"(max-width: 919px) 100vw, 919px\" \/><\/a><\/p>\n<p style=\"text-align: justify;\"><span style=\"color: #000000;\">El curso congreg\u00f3 a representantes de 29 instituciones universitarias, con prevalencia del CPRES Nuevo Cuyo. Fue la segunda actividad del Programa de Actualizaci\u00f3n de los Procesos de Evaluaci\u00f3n y Acreditaci\u00f3n que CONEAU lanz\u00f3 en el 2017.<\/span><\/p>\n<p style=\"text-align: justify;\"><strong><a href=\"http:\/\/www.coneau.gob.ar\/CONEAU\/?page_id=3243\" target=\"_blank\">Conozca desde aqu\u00ed las sedes de los pr\u00f3ximos cursos.<\/a><\/strong><\/p>\n","protected":false},"excerpt":{"rendered":"<p>Los d\u00edas 21 y 22 de febrero tuvo lugar, en la ciudad de Mendoza, la fase presencial del curso de Actualizaci\u00f3n de los procesos de Evaluaci\u00f3n y Acreditaci\u00f3n que CONEAU desarroll\u00f3 con la colaboraci\u00f3n de la Universidad del Aconcagua, la Universidad de Congreso, la Universidad de Mendoza, la Universidad Champagnat y la Universidad Juan Agust\u00edn &hellip; <a href=\"https:\/\/www.coneau.gob.ar\/coneau\/en-mendoza-coneau-desarrollo-el-segundo-curso-de-actualizacion\/\" class=\"more-link\">Seguir leyendo <span class=\"screen-reader-text\">Segundo Curso de Actualizaci\u00f3n, en Mendoza<\/span> <span class=\"meta-nav\">&rarr;<\/span><\/a><\/p>\n","protected":false},"author":2,"featured_media":3824,"comment_status":"open","ping_status":"open","sticky":false,"template":"","format":"standard","meta":[],"categories":[33],"tags":[],"acf":[],"_links":{"self":[{"href":"https:\/\/www.coneau.gob.ar\/coneau\/wp-json\/wp\/v2\/posts\/3818"}],"collection":[{"href":"https:\/\/www.coneau.gob.ar\/coneau\/wp-json\/wp\/v2\/posts"}],"about":[{"href":"https:\/\/www.coneau.gob.ar\/coneau\/wp-json\/wp\/v2\/types\/post"}],"author":[{"embeddable":true,"href":"https:\/\/www.coneau.gob.ar\/coneau\/wp-json\/wp\/v2\/users\/2"}],"replies":[{"embeddable":true,"href":"https:\/\/www.coneau.gob.ar\/coneau\/wp-json\/wp\/v2\/comments?post=3818"}],"version-history":[{"count":5,"href":"https:\/\/www.coneau.gob.ar\/coneau\/wp-json\/wp\/v2\/posts\/3818\/revisions"}],"predecessor-version":[{"id":3905,"href":"https:\/\/www.coneau.gob.ar\/coneau\/wp-json\/wp\/v2\/posts\/3818\/revisions\/3905"}],"wp:featuredmedia":[{"embeddable":true,"href":"https:\/\/www.coneau.gob.ar\/coneau\/wp-json\/wp\/v2\/media\/3824"}],"wp:attachment":[{"href":"https:\/\/www.coneau.gob.ar\/coneau\/wp-json\/wp\/v2\/media?parent=3818"}],"wp:term":[{"taxonomy":"category","embeddable":true,"href":"https:\/\/www.coneau.gob.ar\/coneau\/wp-json\/wp\/v2\/categories?post=3818"},{"taxonomy":"post_tag","embeddable":true,"href":"https:\/\/www.coneau.gob.ar\/coneau\/wp-json\/wp\/v2\/tags?post=3818"}],"curies":[{"name":"wp","href":"https:\/\/api.w.org\/{rel}","templated":true}]}}