{"id":15783,"date":"2026-09-01T09:59:00","date_gmt":"2026-09-01T12:59:00","guid":{"rendered":"https:\/\/www.coneau.gob.ar\/coneau\/?p=15783"},"modified":"2026-09-01T10:04:03","modified_gmt":"2026-09-01T13:04:03","slug":"inicio-una-nueva-edicion-del-curso-de-certificacion-en-evaluacion-y-acreditacion-universitaria","status":"publish","type":"post","link":"https:\/\/www.coneau.gob.ar\/coneau\/inicio-una-nueva-edicion-del-curso-de-certificacion-en-evaluacion-y-acreditacion-universitaria\/","title":{"rendered":"Inici\u00f3 una nueva edici\u00f3n del curso de Certificaci\u00f3n en Evaluaci\u00f3n y Acreditaci\u00f3n Universitaria"},"content":{"rendered":"<div class=\"wp-block-image\">\n<figure class=\"alignright size-large is-resized\"><a href=\"https:\/\/www.coneau.gob.ar\/coneau\/wp-content\/uploads\/2026\/09\/WhatsApp-Image-2026-08-27-at-3.16.54-PM.jpeg\"><img fetchpriority=\"high\" decoding=\"async\" width=\"1024\" height=\"576\" src=\"https:\/\/www.coneau.gob.ar\/coneau\/wp-content\/uploads\/2026\/09\/WhatsApp-Image-2026-08-27-at-3.16.54-PM-1024x576.jpeg\" alt=\"\" class=\"wp-image-15788\" style=\"width:400px\" srcset=\"https:\/\/www.coneau.gob.ar\/coneau\/wp-content\/uploads\/2026\/09\/WhatsApp-Image-2026-08-27-at-3.16.54-PM-1024x576.jpeg 1024w, https:\/\/www.coneau.gob.ar\/coneau\/wp-content\/uploads\/2026\/09\/WhatsApp-Image-2026-08-27-at-3.16.54-PM-300x169.jpeg 300w, https:\/\/www.coneau.gob.ar\/coneau\/wp-content\/uploads\/2026\/09\/WhatsApp-Image-2026-08-27-at-3.16.54-PM-768x432.jpeg 768w, https:\/\/www.coneau.gob.ar\/coneau\/wp-content\/uploads\/2026\/09\/WhatsApp-Image-2026-08-27-at-3.16.54-PM-1536x864.jpeg 1536w, https:\/\/www.coneau.gob.ar\/coneau\/wp-content\/uploads\/2026\/09\/WhatsApp-Image-2026-08-27-at-3.16.54-PM.jpeg 1600w\" sizes=\"(max-width: 1024px) 100vw, 1024px\" \/><\/a><\/figure>\n<\/div>\n\n\n<p>Representantes de 30 instituciones universitarias de todo el pa\u00eds iniciaron su recorrido en la edici\u00f3n del curso de <strong>Certificaci\u00f3n en Evaluaci\u00f3n y Acreditaci\u00f3n Universitaria<\/strong> que la Escuela de Formaci\u00f3n de la CONEAU organiz\u00f3 en la ciudad de Buenos Aires.<\/p>\n\n\n\n<p>El primer encuentro se desarroll\u00f3 los d\u00edas 27 y 28 de agosto en la sede de la CONEAU y cont\u00f3 con clases orientadas a profundizar el conocimiento sobre el sistema universitario nacional, las funciones y la organizaci\u00f3n de la Comisi\u00f3n y los principales aspectos vinculados con la evaluaci\u00f3n institucional.<\/p>\n\n\n<div class=\"wp-block-image\">\n<figure class=\"alignright size-large is-resized\"><a href=\"https:\/\/www.coneau.gob.ar\/coneau\/wp-content\/uploads\/2026\/09\/WhatsApp-Image-2026-08-27-at-1.26.34-PM.jpeg\"><img decoding=\"async\" width=\"1024\" height=\"768\" src=\"https:\/\/www.coneau.gob.ar\/coneau\/wp-content\/uploads\/2026\/09\/WhatsApp-Image-2026-08-27-at-1.26.34-PM-1024x768.jpeg\" alt=\"\" class=\"wp-image-15786\" style=\"width:400px\" srcset=\"https:\/\/www.coneau.gob.ar\/coneau\/wp-content\/uploads\/2026\/09\/WhatsApp-Image-2026-08-27-at-1.26.34-PM-1024x768.jpeg 1024w, https:\/\/www.coneau.gob.ar\/coneau\/wp-content\/uploads\/2026\/09\/WhatsApp-Image-2026-08-27-at-1.26.34-PM-300x225.jpeg 300w, https:\/\/www.coneau.gob.ar\/coneau\/wp-content\/uploads\/2026\/09\/WhatsApp-Image-2026-08-27-at-1.26.34-PM-768x576.jpeg 768w, https:\/\/www.coneau.gob.ar\/coneau\/wp-content\/uploads\/2026\/09\/WhatsApp-Image-2026-08-27-at-1.26.34-PM-1536x1152.jpeg 1536w, https:\/\/www.coneau.gob.ar\/coneau\/wp-content\/uploads\/2026\/09\/WhatsApp-Image-2026-08-27-at-1.26.34-PM.jpeg 1600w\" sizes=\"(max-width: 1024px) 100vw, 1024px\" \/><\/a><\/figure>\n<\/div>\n\n\n<p>Durante estas dos primeras jornadas tambi\u00e9n se abordaron distintos escenarios internacionales de aseguramiento de la calidad de la educaci\u00f3n superior y los sistemas institucionales de aseguramiento de la calidad.<\/p>\n\n\n\n<p>La propuesta formativa, que se desarrolla en modalidad presencial, se extender\u00e1 hasta noviembre e incluir\u00e1 clases a cargo de directores, coordinadores y equipo t\u00e9cnico de la CONEAU. Los encuentros incluir\u00e1n actividades pr\u00e1cticas sobre el an\u00e1lisis de casos, que favorecer\u00e1n el intercambio de experiencias y el fortalecimiento de redes de colaboraci\u00f3n profesional.De este modo, los participantes podr\u00e1n profundizar conocimientos sobre las perspectivas y alcances de los procesos de evaluaci\u00f3n y acreditaci\u00f3n universitaria, lo que contribuir\u00e1 a afianzar las acciones para la calidad en sus instituciones.<\/p>\n\n\n\n<div style=\"height:20px\" aria-hidden=\"true\" class=\"wp-block-spacer\"><\/div>\n","protected":false},"excerpt":{"rendered":"<p>Representantes de 30 instituciones universitarias de todo el pa\u00eds iniciaron su recorrido en la edici\u00f3n del curso de Certificaci\u00f3n en Evaluaci\u00f3n y Acreditaci\u00f3n Universitaria que la Escuela de Formaci\u00f3n de &hellip; <a href=\"https:\/\/www.coneau.gob.ar\/coneau\/inicio-una-nueva-edicion-del-curso-de-certificacion-en-evaluacion-y-acreditacion-universitaria\/\" class=\"more-link\">Seguir leyendo <span class=\"screen-reader-text\">Inici\u00f3 una nueva edici\u00f3n del curso de Certificaci\u00f3n en Evaluaci\u00f3n y Acreditaci\u00f3n Universitaria<\/span> <span class=\"meta-nav\">&rarr;<\/span><\/a><\/p>\n","protected":false},"author":2,"featured_media":15784,"comment_status":"open","ping_status":"open","sticky":false,"template":"","format":"standard","meta":{"_acf_changed":false,"footnotes":""},"categories":[5],"tags":[],"class_list":["post-15783","post","type-post","status-publish","format-standard","has-post-thumbnail","hentry","category-carousel"],"acf":[],"_links":{"self":[{"href":"https:\/\/www.coneau.gob.ar\/coneau\/wp-json\/wp\/v2\/posts\/15783","targetHints":{"allow":["GET"]}}],"collection":[{"href":"https:\/\/www.coneau.gob.ar\/coneau\/wp-json\/wp\/v2\/posts"}],"about":[{"href":"https:\/\/www.coneau.gob.ar\/coneau\/wp-json\/wp\/v2\/types\/post"}],"author":[{"embeddable":true,"href":"https:\/\/www.coneau.gob.ar\/coneau\/wp-json\/wp\/v2\/users\/2"}],"replies":[{"embeddable":true,"href":"https:\/\/www.coneau.gob.ar\/coneau\/wp-json\/wp\/v2\/comments?post=15783"}],"version-history":[{"count":4,"href":"https:\/\/www.coneau.gob.ar\/coneau\/wp-json\/wp\/v2\/posts\/15783\/revisions"}],"predecessor-version":[{"id":15792,"href":"https:\/\/www.coneau.gob.ar\/coneau\/wp-json\/wp\/v2\/posts\/15783\/revisions\/15792"}],"wp:featuredmedia":[{"embeddable":true,"href":"https:\/\/www.coneau.gob.ar\/coneau\/wp-json\/wp\/v2\/media\/15784"}],"wp:attachment":[{"href":"https:\/\/www.coneau.gob.ar\/coneau\/wp-json\/wp\/v2\/media?parent=15783"}],"wp:term":[{"taxonomy":"category","embeddable":true,"href":"https:\/\/www.coneau.gob.ar\/coneau\/wp-json\/wp\/v2\/categories?post=15783"},{"taxonomy":"post_tag","embeddable":true,"href":"https:\/\/www.coneau.gob.ar\/coneau\/wp-json\/wp\/v2\/tags?post=15783"}],"curies":[{"name":"wp","href":"https:\/\/api.w.org\/{rel}","templated":true}]}}