{"id":14782,"date":"2026-04-15T13:11:15","date_gmt":"2026-04-15T16:11:15","guid":{"rendered":"https:\/\/www.coneau.gob.ar\/coneau\/?p=14782"},"modified":"2026-04-24T13:16:36","modified_gmt":"2026-04-24T16:16:36","slug":"coneau-presente-en-encuentro-de-la-red-cuaa-dahz","status":"publish","type":"post","link":"https:\/\/www.coneau.gob.ar\/coneau\/coneau-presente-en-encuentro-de-la-red-cuaa-dahz\/","title":{"rendered":"CONEAU presente en encuentro de la Red CUAA &#8211; DAHZ"},"content":{"rendered":"<div class=\"wp-block-image\">\n<figure class=\"alignright size-full is-resized\"><a href=\"https:\/\/www.coneau.gob.ar\/coneau\/wp-content\/uploads\/2026\/04\/IMG_3221-scaled.jpg\"><img decoding=\"async\" src=\"https:\/\/www.coneau.gob.ar\/coneau\/wp-content\/uploads\/2026\/04\/IMG_3221-scaled.jpg\" alt=\"\" class=\"wp-image-14792\" width=\"400\" srcset=\"https:\/\/www.coneau.gob.ar\/coneau\/wp-content\/uploads\/2026\/04\/IMG_3221-scaled.jpg 2560w, https:\/\/www.coneau.gob.ar\/coneau\/wp-content\/uploads\/2026\/04\/IMG_3221-300x187.jpg 300w, https:\/\/www.coneau.gob.ar\/coneau\/wp-content\/uploads\/2026\/04\/IMG_3221-1024x640.jpg 1024w, https:\/\/www.coneau.gob.ar\/coneau\/wp-content\/uploads\/2026\/04\/IMG_3221-768x480.jpg 768w, https:\/\/www.coneau.gob.ar\/coneau\/wp-content\/uploads\/2026\/04\/IMG_3221-1536x960.jpg 1536w, https:\/\/www.coneau.gob.ar\/coneau\/wp-content\/uploads\/2026\/04\/IMG_3221-2048x1280.jpg 2048w\" sizes=\"(max-width: 2560px) 100vw, 2560px\" \/><\/a><\/figure><\/div>\n\n\n<p>El coordinador de Acreditaci\u00f3n de Carreras de Posgrado, Mariano Calbi, y las responsables del \u00e1rea de carreras nuevas, Laura Colombo y Eleonora Pandra, fueron invitados a participar del V Encuentro de la Red CUAA del Centro Universitario Argentino-Alem\u00e1n (CUAA-DAHZ).<\/p>\n\n\n\n<p class=\"has-text-align-left\">El evento tuvo lugar en el Centro Cultural de la Ciencia, en Buenos Aires, los d\u00edas 25 y 26 de marzo. Reuni\u00f3 a m\u00e1s de 150 personas procedentes de \u00e1mbitos acad\u00e9micos y profesionales: coordinadores de carreras, profesores, investigadores, gestores, empresarios, autoridades y representantes de organismos gubernamentales y estudiantes y graduados de carreras binacionales.<\/p>\n\n\n<div class=\"wp-block-image\">\n<figure class=\"alignright size-full is-resized\"><a href=\"https:\/\/www.coneau.gob.ar\/coneau\/wp-content\/uploads\/2026\/04\/IMG_3189-1-scaled.jpg\"><img decoding=\"async\" src=\"https:\/\/www.coneau.gob.ar\/coneau\/wp-content\/uploads\/2026\/04\/IMG_3189-1-scaled.jpg\" alt=\"\" class=\"wp-image-14793\" width=\"400\" srcset=\"https:\/\/www.coneau.gob.ar\/coneau\/wp-content\/uploads\/2026\/04\/IMG_3189-1-scaled.jpg 2560w, https:\/\/www.coneau.gob.ar\/coneau\/wp-content\/uploads\/2026\/04\/IMG_3189-1-300x188.jpg 300w, https:\/\/www.coneau.gob.ar\/coneau\/wp-content\/uploads\/2026\/04\/IMG_3189-1-1024x640.jpg 1024w, https:\/\/www.coneau.gob.ar\/coneau\/wp-content\/uploads\/2026\/04\/IMG_3189-1-768x480.jpg 768w, https:\/\/www.coneau.gob.ar\/coneau\/wp-content\/uploads\/2026\/04\/IMG_3189-1-1536x960.jpg 1536w, https:\/\/www.coneau.gob.ar\/coneau\/wp-content\/uploads\/2026\/04\/IMG_3189-1-2048x1280.jpg 2048w\" sizes=\"(max-width: 2560px) 100vw, 2560px\" \/><\/a><\/figure><\/div>\n\n\n<p class=\"has-text-align-left\">Los representantes de la CONEAU disertaron sobre el proceso de acreditaci\u00f3n de carreras de posgrado en Argentina, en el marco del taller de lanzamiento de los nuevos proyectos Semilla 2026, destinado a las instituciones universitarias que tienen prevista la creaci\u00f3n y puesta en marcha de carreras binacionales argentino-alemanas.<\/p>\n\n\n\n<p>El \u201cPrograma argentino-alem\u00e1n para la promoci\u00f3n de Carreras Binacionales con doble titulaci\u00f3n\u201d del Centro Universitario Argentino-Alem\u00e1n (CUAA) es una iniciativa bilateral, que busca promover la creaci\u00f3n de carreras de grado y posgrado con doble titulaci\u00f3n y la formaci\u00f3n de profesionales con capacidad intercultural y multiling\u00fce. La etapa Semilla del programa contempla financiamiento para la planificaci\u00f3n y el desarrollo de la carrera binacional conjunta con doble titulaci\u00f3n.<\/p>\n\n\n\n<hr class=\"wp-block-separator has-alpha-channel-opacity\"\/>\n\n\n\n<div class=\"wp-block-buttons is-layout-flex\">\n<div class=\"wp-block-button\"><a class=\"wp-block-button__link has-background wp-element-button\" href=\"https:\/\/www.cuaa-dahz.org\/es\/programas\/convocatorias\/convocatoria-semilla-2026\/\" style=\"background-color:#4394aa\" target=\"_blank\" rel=\"https:\/\/www.cuaa-dahz.org\/es\/programas\/convocatorias\/convocatoria-semilla-2026\/ noopener\">m\u00e1s informaci\u00f3n<\/a><\/div>\n<\/div>\n\n\n\n<hr class=\"wp-block-separator has-alpha-channel-opacity is-style-default\"\/>\n","protected":false},"excerpt":{"rendered":"<p>El coordinador de Acreditaci\u00f3n de Carreras de Posgrado, Mariano Calbi, y las responsables del \u00e1rea de carreras nuevas, Laura Colombo y Eleonora Pandra, fueron invitados a participar del V Encuentro de la Red CUAA del Centro Universitario Argentino-Alem\u00e1n (CUAA-DAHZ). El evento tuvo lugar en el Centro Cultural de la Ciencia, en Buenos Aires, los d\u00edas &hellip; <a href=\"https:\/\/www.coneau.gob.ar\/coneau\/coneau-presente-en-encuentro-de-la-red-cuaa-dahz\/\" class=\"more-link\">Seguir leyendo <span class=\"screen-reader-text\">CONEAU presente en encuentro de la Red CUAA &#8211; DAHZ<\/span> <span class=\"meta-nav\">&rarr;<\/span><\/a><\/p>\n","protected":false},"author":2,"featured_media":14791,"comment_status":"open","ping_status":"open","sticky":false,"template":"","format":"standard","meta":[],"categories":[5],"tags":[],"acf":[],"_links":{"self":[{"href":"https:\/\/www.coneau.gob.ar\/coneau\/wp-json\/wp\/v2\/posts\/14782"}],"collection":[{"href":"https:\/\/www.coneau.gob.ar\/coneau\/wp-json\/wp\/v2\/posts"}],"about":[{"href":"https:\/\/www.coneau.gob.ar\/coneau\/wp-json\/wp\/v2\/types\/post"}],"author":[{"embeddable":true,"href":"https:\/\/www.coneau.gob.ar\/coneau\/wp-json\/wp\/v2\/users\/2"}],"replies":[{"embeddable":true,"href":"https:\/\/www.coneau.gob.ar\/coneau\/wp-json\/wp\/v2\/comments?post=14782"}],"version-history":[{"count":13,"href":"https:\/\/www.coneau.gob.ar\/coneau\/wp-json\/wp\/v2\/posts\/14782\/revisions"}],"predecessor-version":[{"id":14807,"href":"https:\/\/www.coneau.gob.ar\/coneau\/wp-json\/wp\/v2\/posts\/14782\/revisions\/14807"}],"wp:featuredmedia":[{"embeddable":true,"href":"https:\/\/www.coneau.gob.ar\/coneau\/wp-json\/wp\/v2\/media\/14791"}],"wp:attachment":[{"href":"https:\/\/www.coneau.gob.ar\/coneau\/wp-json\/wp\/v2\/media?parent=14782"}],"wp:term":[{"taxonomy":"category","embeddable":true,"href":"https:\/\/www.coneau.gob.ar\/coneau\/wp-json\/wp\/v2\/categories?post=14782"},{"taxonomy":"post_tag","embeddable":true,"href":"https:\/\/www.coneau.gob.ar\/coneau\/wp-json\/wp\/v2\/tags?post=14782"}],"curies":[{"name":"wp","href":"https:\/\/api.w.org\/{rel}","templated":true}]}}