{"id":14462,"date":"2026-03-16T12:26:36","date_gmt":"2026-03-16T15:26:36","guid":{"rendered":"https:\/\/www.coneau.gob.ar\/coneau\/?p=14462"},"modified":"2026-04-01T12:32:09","modified_gmt":"2026-04-01T15:32:09","slug":"coneau-recibe-visita-tecnica-de-aneaes-paraguay","status":"publish","type":"post","link":"https:\/\/www.coneau.gob.ar\/coneau\/coneau-recibe-visita-tecnica-de-aneaes-paraguay\/","title":{"rendered":"CONEAU recibe visita t\u00e9cnica de ANEAES (Paraguay)"},"content":{"rendered":"<div class=\"wp-block-image\">\n<figure class=\"alignright size-large is-resized\"><a href=\"https:\/\/www.coneau.gob.ar\/coneau\/wp-content\/uploads\/2026\/03\/Visita-CONEAU-ANEAES-1.png\"><img decoding=\"async\" src=\"https:\/\/www.coneau.gob.ar\/coneau\/wp-content\/uploads\/2026\/03\/Visita-CONEAU-ANEAES-1-1024x1024.png\" alt=\"\" class=\"wp-image-14468\" width=\"400\" srcset=\"https:\/\/www.coneau.gob.ar\/coneau\/wp-content\/uploads\/2026\/03\/Visita-CONEAU-ANEAES-1-1024x1024.png 1024w, https:\/\/www.coneau.gob.ar\/coneau\/wp-content\/uploads\/2026\/03\/Visita-CONEAU-ANEAES-1-300x300.png 300w, https:\/\/www.coneau.gob.ar\/coneau\/wp-content\/uploads\/2026\/03\/Visita-CONEAU-ANEAES-1-150x150.png 150w, https:\/\/www.coneau.gob.ar\/coneau\/wp-content\/uploads\/2026\/03\/Visita-CONEAU-ANEAES-1-768x768.png 768w, https:\/\/www.coneau.gob.ar\/coneau\/wp-content\/uploads\/2026\/03\/Visita-CONEAU-ANEAES-1.png 1500w\" sizes=\"(max-width: 1024px) 100vw, 1024px\" \/><\/a><\/figure><\/div>\n\n\n<p>La CONEAU recibi\u00f3 la visita t\u00e9cnica de integrantes de la <a href=\"https:\/\/www.aneaes.gov.py\/inicio\/\" data-type=\"URL\" data-id=\"https:\/\/www.aneaes.gov.py\/inicio\/\" target=\"_blank\" rel=\"noreferrer noopener\">Agencia Nacional de Evaluaci\u00f3n y Acreditaci\u00f3n de la Educaci\u00f3n Superior (ANEAES)<\/a> de Paraguay.<\/p>\n\n\n\n<p>La comitiva estuvo conformada por la directora ejecutiva de la ANEAES, Adriana Pesoa; el director de Gabinete, Marcelo Paredes; el director general de Administraci\u00f3n y Finanzas, Mart\u00edn Navarro; el secretario general, Jos\u00e9 C\u00e1ceres; la gerente de Proyectos, Carla Fern\u00e1ndez; y el asesor del presidente, H\u00e9ctor B\u00e1ez.<\/p>\n\n\n\n<p>La visita tuvo lugar entre el 10 y el 11 de marzo. La agenda de actividades&nbsp;inici\u00f3 con la bienvenida del presidente de la CONEAU, Mart\u00edn Strah, e incluy\u00f3 reuniones con las \u00e1reas de Desarrollo y Relaciones Internacionales, Acreditaci\u00f3n de Carreras, Evaluaci\u00f3n Institucional y Sistemas. Los encuentros permitieron poner en com\u00fan las funciones que desarrollan ambos organismos de aseguramiento de la calidad de la educaci\u00f3n superior a nivel local e internacional.<\/p>\n\n\n<div class=\"wp-block-image\">\n<figure class=\"alignright size-large is-resized\"><a href=\"https:\/\/www.coneau.gob.ar\/coneau\/wp-content\/uploads\/2026\/03\/Visita-CONEAU-ANEAES-2.png\"><img decoding=\"async\" src=\"https:\/\/www.coneau.gob.ar\/coneau\/wp-content\/uploads\/2026\/03\/Visita-CONEAU-ANEAES-2-1024x1024.png\" alt=\"\" class=\"wp-image-14469\" width=\"400\" srcset=\"https:\/\/www.coneau.gob.ar\/coneau\/wp-content\/uploads\/2026\/03\/Visita-CONEAU-ANEAES-2-1024x1024.png 1024w, https:\/\/www.coneau.gob.ar\/coneau\/wp-content\/uploads\/2026\/03\/Visita-CONEAU-ANEAES-2-300x300.png 300w, https:\/\/www.coneau.gob.ar\/coneau\/wp-content\/uploads\/2026\/03\/Visita-CONEAU-ANEAES-2-150x150.png 150w, https:\/\/www.coneau.gob.ar\/coneau\/wp-content\/uploads\/2026\/03\/Visita-CONEAU-ANEAES-2-768x768.png 768w, https:\/\/www.coneau.gob.ar\/coneau\/wp-content\/uploads\/2026\/03\/Visita-CONEAU-ANEAES-2.png 1500w\" sizes=\"(max-width: 1024px) 100vw, 1024px\" \/><\/a><\/figure><\/div>\n\n\n<p>Por parte de la CONEAU, se describieron los principales procedimientos para la evaluaci\u00f3n de instituciones y la acreditaci\u00f3n de carreras de grado y posgrado, as\u00ed como tambi\u00e9n se intercambiaron experiencias sobre la implementaci\u00f3n de las diferentes actividades que desarrolla la Escuela de Formaci\u00f3n CONEAU.<\/p>\n\n\n\n<p>El encuentro permiti\u00f3 dialogar sobre el intercambio de buenas pr\u00e1cticas entre las agencias de aseguramiento de la calidad de la educaci\u00f3n superior, contribuyendo as\u00ed a la consolidaci\u00f3n de una cultura de la calidad basada en la mejora continua y la colaboraci\u00f3n internacional, aspectos clave para el desarrollo y fortalecimiento de los sistemas de educaci\u00f3n superior de la regi\u00f3n.<\/p>\n\n\n\n<div style=\"height:100px\" aria-hidden=\"true\" class=\"wp-block-spacer\"><\/div>\n","protected":false},"excerpt":{"rendered":"<p>La CONEAU recibi\u00f3 la visita t\u00e9cnica de integrantes de la Agencia Nacional de Evaluaci\u00f3n y Acreditaci\u00f3n de la Educaci\u00f3n Superior (ANEAES) de Paraguay. La comitiva estuvo conformada por la directora ejecutiva de la ANEAES, Adriana Pesoa; el director de Gabinete, Marcelo Paredes; el director general de Administraci\u00f3n y Finanzas, Mart\u00edn Navarro; el secretario general, Jos\u00e9 &hellip; <a href=\"https:\/\/www.coneau.gob.ar\/coneau\/coneau-recibe-visita-tecnica-de-aneaes-paraguay\/\" class=\"more-link\">Seguir leyendo <span class=\"screen-reader-text\">CONEAU recibe visita t\u00e9cnica de ANEAES (Paraguay)<\/span> <span class=\"meta-nav\">&rarr;<\/span><\/a><\/p>\n","protected":false},"author":2,"featured_media":14466,"comment_status":"closed","ping_status":"closed","sticky":false,"template":"","format":"standard","meta":[],"categories":[33],"tags":[],"acf":[],"_links":{"self":[{"href":"https:\/\/www.coneau.gob.ar\/coneau\/wp-json\/wp\/v2\/posts\/14462"}],"collection":[{"href":"https:\/\/www.coneau.gob.ar\/coneau\/wp-json\/wp\/v2\/posts"}],"about":[{"href":"https:\/\/www.coneau.gob.ar\/coneau\/wp-json\/wp\/v2\/types\/post"}],"author":[{"embeddable":true,"href":"https:\/\/www.coneau.gob.ar\/coneau\/wp-json\/wp\/v2\/users\/2"}],"replies":[{"embeddable":true,"href":"https:\/\/www.coneau.gob.ar\/coneau\/wp-json\/wp\/v2\/comments?post=14462"}],"version-history":[{"count":4,"href":"https:\/\/www.coneau.gob.ar\/coneau\/wp-json\/wp\/v2\/posts\/14462\/revisions"}],"predecessor-version":[{"id":14470,"href":"https:\/\/www.coneau.gob.ar\/coneau\/wp-json\/wp\/v2\/posts\/14462\/revisions\/14470"}],"wp:featuredmedia":[{"embeddable":true,"href":"https:\/\/www.coneau.gob.ar\/coneau\/wp-json\/wp\/v2\/media\/14466"}],"wp:attachment":[{"href":"https:\/\/www.coneau.gob.ar\/coneau\/wp-json\/wp\/v2\/media?parent=14462"}],"wp:term":[{"taxonomy":"category","embeddable":true,"href":"https:\/\/www.coneau.gob.ar\/coneau\/wp-json\/wp\/v2\/categories?post=14462"},{"taxonomy":"post_tag","embeddable":true,"href":"https:\/\/www.coneau.gob.ar\/coneau\/wp-json\/wp\/v2\/tags?post=14462"}],"curies":[{"name":"wp","href":"https:\/\/api.w.org\/{rel}","templated":true}]}}