{"id":14438,"date":"2026-03-03T11:06:33","date_gmt":"2026-03-03T14:06:33","guid":{"rendered":"https:\/\/www.coneau.gob.ar\/coneau\/?p=14438"},"modified":"2026-03-12T11:31:14","modified_gmt":"2026-03-12T14:31:14","slug":"acreditacion-de-grado-convocatoria-para-carreras-de-abogacia","status":"publish","type":"post","link":"https:\/\/www.coneau.gob.ar\/coneau\/acreditacion-de-grado-convocatoria-para-carreras-de-abogacia\/","title":{"rendered":"[Acreditaci\u00f3n de Grado] Convocatoria para carreras de Abogac\u00eda"},"content":{"rendered":"<p>Convocatoria 2026 para la acreditaci\u00f3n de carreras de Abogac\u00eda.<\/p>\n<p>\u2666<strong>&nbsp;<\/strong><strong>Formalizaci\u00f3n de proyectos:<\/strong><strong>&nbsp;<\/strong>hasta el 31 de marzo de 2026 a trav\u00e9s de <strong><a href=\"https:\/\/global.coneau.gob.ar\/coneauglobal\/\">CONEAU Global<\/a><\/strong>.<\/p>\n<p><strong>\u2666&nbsp;Reuni\u00f3n de consultas:<\/strong>&nbsp;7 de abril de 2026.<\/p>\n<p>\u2666&nbsp;<strong>Apertura del expediente electr\u00f3nico:&nbsp;<\/strong>hasta el 17 de abril de 2026 a trav\u00e9s de<strong><a href=\"http:\/\/tramitesadistancia.gob.ar\/tramitesadistancia\/inicio-publico\">&nbsp;TAD<\/a><\/strong>.<\/p>\n<p>\u2666&nbsp;<strong>Solicitud de acreditaci\u00f3n de la carrera:<\/strong>&nbsp;hasta el 3 de agosto de 2026 a trav\u00e9s de&nbsp;<a href=\"https:\/\/www.coneau.gob.ar\/coneau\/acreditacion-de-carreras\/carreras-de-grado\/convocatorias\/carreras\/abogacia\/\" target=\"_blank\" rel=\"noopener\">CONEAU Global.<\/a><\/p>\n\n\n<div class=\"wp-block-buttons is-layout-flex\">\n<div class=\"wp-block-button\"><a class=\"wp-block-button__link has-background wp-element-button\" href=\"https:\/\/www.coneau.gob.ar\/coneau\/acreditacion-de-carreras\/carreras-de-grado\/convocatorias\/carreras\/abogacia\/\" style=\"background-color:#1a91a9\">ver convocatoria<\/a><\/div>\n<\/div>\n\n\n\n<p><\/p>\n","protected":false},"excerpt":{"rendered":"<p>Convocatoria 2026 para la acreditaci\u00f3n de carreras de Abogac\u00eda. \u2666&nbsp;Formalizaci\u00f3n de proyectos:&nbsp;hasta el 31 de marzo de 2026 a trav\u00e9s de CONEAU Global. \u2666&nbsp;Reuni\u00f3n de consultas:&nbsp;7 de abril de 2026. \u2666&nbsp;Apertura del expediente electr\u00f3nico:&nbsp;hasta el 17 de abril de 2026 a trav\u00e9s de&nbsp;TAD. \u2666&nbsp;Solicitud de acreditaci\u00f3n de la carrera:&nbsp;hasta el 3 de agosto de 2026 &hellip; <a href=\"https:\/\/www.coneau.gob.ar\/coneau\/acreditacion-de-grado-convocatoria-para-carreras-de-abogacia\/\" class=\"more-link\">Seguir leyendo <span class=\"screen-reader-text\">[Acreditaci\u00f3n de Grado] Convocatoria para carreras de Abogac\u00eda<\/span> <span class=\"meta-nav\">&rarr;<\/span><\/a><\/p>\n","protected":false},"author":2,"featured_media":14362,"comment_status":"open","ping_status":"open","sticky":false,"template":"","format":"standard","meta":[],"categories":[5],"tags":[],"acf":[],"_links":{"self":[{"href":"https:\/\/www.coneau.gob.ar\/coneau\/wp-json\/wp\/v2\/posts\/14438"}],"collection":[{"href":"https:\/\/www.coneau.gob.ar\/coneau\/wp-json\/wp\/v2\/posts"}],"about":[{"href":"https:\/\/www.coneau.gob.ar\/coneau\/wp-json\/wp\/v2\/types\/post"}],"author":[{"embeddable":true,"href":"https:\/\/www.coneau.gob.ar\/coneau\/wp-json\/wp\/v2\/users\/2"}],"replies":[{"embeddable":true,"href":"https:\/\/www.coneau.gob.ar\/coneau\/wp-json\/wp\/v2\/comments?post=14438"}],"version-history":[{"count":5,"href":"https:\/\/www.coneau.gob.ar\/coneau\/wp-json\/wp\/v2\/posts\/14438\/revisions"}],"predecessor-version":[{"id":14444,"href":"https:\/\/www.coneau.gob.ar\/coneau\/wp-json\/wp\/v2\/posts\/14438\/revisions\/14444"}],"wp:featuredmedia":[{"embeddable":true,"href":"https:\/\/www.coneau.gob.ar\/coneau\/wp-json\/wp\/v2\/media\/14362"}],"wp:attachment":[{"href":"https:\/\/www.coneau.gob.ar\/coneau\/wp-json\/wp\/v2\/media?parent=14438"}],"wp:term":[{"taxonomy":"category","embeddable":true,"href":"https:\/\/www.coneau.gob.ar\/coneau\/wp-json\/wp\/v2\/categories?post=14438"},{"taxonomy":"post_tag","embeddable":true,"href":"https:\/\/www.coneau.gob.ar\/coneau\/wp-json\/wp\/v2\/tags?post=14438"}],"curies":[{"name":"wp","href":"https:\/\/api.w.org\/{rel}","templated":true}]}}