{"id":13242,"date":"2025-09-18T12:39:00","date_gmt":"2025-09-18T15:39:00","guid":{"rendered":"https:\/\/www.coneau.gob.ar\/coneau\/?p=13242"},"modified":"2026-03-03T10:09:50","modified_gmt":"2026-03-03T13:09:50","slug":"coneau-presente-en-el-congreso-internacional-de-la-realcup","status":"publish","type":"post","link":"https:\/\/www.coneau.gob.ar\/coneau\/coneau-presente-en-el-congreso-internacional-de-la-realcup\/","title":{"rendered":"CONEAU presente en el Congreso Internacional de la REALCUP"},"content":{"rendered":"<div class=\"wp-block-image\">\n<figure class=\"alignright size-large is-resized\"><a href=\"https:\/\/www.coneau.gob.ar\/coneau\/wp-content\/uploads\/2025\/11\/Para-slider-sitio-web-2025-11-26T130004.822.png\"><img decoding=\"async\" src=\"https:\/\/www.coneau.gob.ar\/coneau\/wp-content\/uploads\/2025\/11\/Para-slider-sitio-web-2025-11-26T130004.822-1024x576.png\" alt=\"\" class=\"wp-image-13246\" width=\"500\" srcset=\"https:\/\/www.coneau.gob.ar\/coneau\/wp-content\/uploads\/2025\/11\/Para-slider-sitio-web-2025-11-26T130004.822-1024x576.png 1024w, https:\/\/www.coneau.gob.ar\/coneau\/wp-content\/uploads\/2025\/11\/Para-slider-sitio-web-2025-11-26T130004.822-300x169.png 300w, https:\/\/www.coneau.gob.ar\/coneau\/wp-content\/uploads\/2025\/11\/Para-slider-sitio-web-2025-11-26T130004.822-768x432.png 768w, https:\/\/www.coneau.gob.ar\/coneau\/wp-content\/uploads\/2025\/11\/Para-slider-sitio-web-2025-11-26T130004.822-1536x864.png 1536w, https:\/\/www.coneau.gob.ar\/coneau\/wp-content\/uploads\/2025\/11\/Para-slider-sitio-web-2025-11-26T130004.822.png 1920w\" sizes=\"(max-width: 1024px) 100vw, 1024px\" \/><\/a><\/figure><\/div>\n\n\n<p><strong>El presidente de la CONEAU, Dr. Mart\u00edn Strah, fue uno de los oradores invitados del encuentro S\u00e3o Paulo REALCUP 2025, organizado por la <a rel=\"noreferrer noopener\" href=\"https:\/\/realcup.org\/\" data-type=\"URL\" data-id=\"https:\/\/realcup.org\/\" target=\"_blank\">Red de Asociaciones Latinoamericanas y Caribe\u00f1as de Universidades Privadas (REALCUP)<\/a>. <\/strong>El evento tuvo lugar entre el 12 y el 14 de noviembre en la Universidad Presbiteriana Mackenzie, reuniendo a m\u00e1s de 400 autoridades de instituciones universitarias y organismos de aseguramiento de la calidad de la regi\u00f3n, especialistas en educaci\u00f3n superior, estudiantes, empleadores y representantes del sector edtech.<\/p>\n\n\n\n<p>Durante las jornadas se promovi\u00f3 el debate sobre los desaf\u00edos actuales de las instituciones de educaci\u00f3n superior frente a los avances de la tecnolog\u00eda, la irrupci\u00f3n de la inteligencia artificial, la transformaci\u00f3n de las experiencias de aprendizaje y las nuevas demandas del mercado laboral. Las conversaciones permitieron intercambiar perspectivas y experiencias con relaci\u00f3n a la cocreaci\u00f3n de estrategias de&nbsp;formaci\u00f3n&nbsp;que respondan a&nbsp;contextos din\u00e1micos y crecientemente complejos.<\/p>\n\n\n\n<p>El programa incluy\u00f3 sesiones plenarias, duetos, talleres de Incubadoras UVI e Inmersivas +DES, espacios concebidos para intercambiar perspectivas sobre innovaci\u00f3n institucional, aseguramiento de la calidad, experiencia estudiantil y empleabilidad. En este marco,<strong> el presidente de la CONEAU particip\u00f3 como disertante en la sesi\u00f3n dedicada a \u201cEl aseguramiento de la calidad y los planes estrat\u00e9gicos en contextos din\u00e1micos\u201d.<\/strong> En su exposici\u00f3n, <strong>Strah<\/strong> present\u00f3 la experiencia consolidada de los 30 a\u00f1os de trabajo del organismo, refiri\u00e9ndose al impacto nacional e internacional de su labor. Hizo referencia al aporte de la <strong>CONEAU<\/strong> en la construcci\u00f3n de modelos orientados a la mejora continua, destacando la puesta en marcha de la evaluaci\u00f3n focalizada en instituciones universitarias y carreras de posgrado, as\u00ed como el rol clave de los Sistemas Internos de Aseguramiento de la Calidad (SIAC).<\/p>\n\n\n\n<p>El panel estuvo integrado tambi\u00e9n por el presidente del Instituto Nacional de Estudos e Pesquisas Educacionais An\u00edsio Teixeira (INEP) de Brasil, Manuel Pal\u00e1cios; el Director adjunto de Calidad Internacional de PROEDUCA, Rafael Llavori; y el CEO de UPlanner, Juan Pablo Mena, quienes compartieron sus visiones sobre los desaf\u00edos regionales en materia de evaluaci\u00f3n institucional y gesti\u00f3n estrat\u00e9gica.<\/p>\n\n\n\n<p>El encuentro gener\u00f3 espacios clave para repensar los retos de las universidades latinoamericanas, promoviendo la articulaci\u00f3n entre instituciones, estudiantes, empleadores y organismos de calidad, as\u00ed como el fortalecimiento de los sistemas de aseguramiento de la calidad en la regi\u00f3n, en un escenario de acelerada transformaci\u00f3n.<\/p>\n\n\n\n<figure class=\"wp-block-image\"><img\/><\/figure>\n","protected":false},"excerpt":{"rendered":"<p>El presidente de la CONEAU, Dr. Mart\u00edn Strah, fue uno de los oradores invitados del encuentro S\u00e3o Paulo REALCUP 2025, organizado por la Red de Asociaciones Latinoamericanas y Caribe\u00f1as de Universidades Privadas (REALCUP). El evento tuvo lugar entre el 12 y el 14 de noviembre en la Universidad Presbiteriana Mackenzie, reuniendo a m\u00e1s de 400 &hellip; <a href=\"https:\/\/www.coneau.gob.ar\/coneau\/coneau-presente-en-el-congreso-internacional-de-la-realcup\/\" class=\"more-link\">Seguir leyendo <span class=\"screen-reader-text\">CONEAU presente en el Congreso Internacional de la REALCUP<\/span> <span class=\"meta-nav\">&rarr;<\/span><\/a><\/p>\n","protected":false},"author":2,"featured_media":13250,"comment_status":"open","ping_status":"open","sticky":false,"template":"","format":"standard","meta":[],"categories":[33],"tags":[],"acf":[],"_links":{"self":[{"href":"https:\/\/www.coneau.gob.ar\/coneau\/wp-json\/wp\/v2\/posts\/13242"}],"collection":[{"href":"https:\/\/www.coneau.gob.ar\/coneau\/wp-json\/wp\/v2\/posts"}],"about":[{"href":"https:\/\/www.coneau.gob.ar\/coneau\/wp-json\/wp\/v2\/types\/post"}],"author":[{"embeddable":true,"href":"https:\/\/www.coneau.gob.ar\/coneau\/wp-json\/wp\/v2\/users\/2"}],"replies":[{"embeddable":true,"href":"https:\/\/www.coneau.gob.ar\/coneau\/wp-json\/wp\/v2\/comments?post=13242"}],"version-history":[{"count":5,"href":"https:\/\/www.coneau.gob.ar\/coneau\/wp-json\/wp\/v2\/posts\/13242\/revisions"}],"predecessor-version":[{"id":13259,"href":"https:\/\/www.coneau.gob.ar\/coneau\/wp-json\/wp\/v2\/posts\/13242\/revisions\/13259"}],"wp:featuredmedia":[{"embeddable":true,"href":"https:\/\/www.coneau.gob.ar\/coneau\/wp-json\/wp\/v2\/media\/13250"}],"wp:attachment":[{"href":"https:\/\/www.coneau.gob.ar\/coneau\/wp-json\/wp\/v2\/media?parent=13242"}],"wp:term":[{"taxonomy":"category","embeddable":true,"href":"https:\/\/www.coneau.gob.ar\/coneau\/wp-json\/wp\/v2\/categories?post=13242"},{"taxonomy":"post_tag","embeddable":true,"href":"https:\/\/www.coneau.gob.ar\/coneau\/wp-json\/wp\/v2\/tags?post=13242"}],"curies":[{"name":"wp","href":"https:\/\/api.w.org\/{rel}","templated":true}]}}