{"id":13074,"date":"2025-08-22T09:51:00","date_gmt":"2025-08-22T12:51:00","guid":{"rendered":"https:\/\/www.coneau.gob.ar\/coneau\/?p=13074"},"modified":"2025-09-26T10:37:28","modified_gmt":"2025-09-26T13:37:28","slug":"se-desarrolla-en-la-segunda-edicion-2025-del-curso-de-certificacion-en-evaluacion-y-acreditacion-universitaria","status":"publish","type":"post","link":"https:\/\/www.coneau.gob.ar\/coneau\/se-desarrolla-en-la-segunda-edicion-2025-del-curso-de-certificacion-en-evaluacion-y-acreditacion-universitaria\/","title":{"rendered":"Se desarrolla la segunda edici\u00f3n 2025 del curso de Certificaci\u00f3n en Evaluaci\u00f3n y Acreditaci\u00f3n Universitaria"},"content":{"rendered":"\n<p>El jueves 28 de agosto inici\u00f3 la segunda edici\u00f3n del a\u00f1o del curso de Certificaci\u00f3n en Evaluaci\u00f3n y Acreditaci\u00f3n Universitaria, organizado por la Escuela de Formaci\u00f3n de la CONEAU.<\/p>\n\n\n\n<p>Con sede en la Ciudad de Buenos Aires, el programa re\u00fane a 42&nbsp; representantes de 31 instituciones universitarias de diferentes regiones del pa\u00eds.&nbsp;<\/p>\n\n\n\n<p>El encuentro inicial incluy\u00f3 clases dictadas por el presidente de la CONEAU, Mart\u00edn Strah, y por Arturo Somoza, integrante de la Comisi\u00f3n Consultiva y director de la Escuela de Formaci\u00f3n. Durante sus presentaciones abordaron las principales particularidades del sistema universitario argentino, la Ley de Educaci\u00f3n Superior y las funciones de la Comisi\u00f3n.<\/p>\n\n\n\n<p>Tambi\u00e9n se desarrollaron clases a cargo del director de Evaluaci\u00f3n Institucional, Pablo Tovillas, y de la directora de Acreditaci\u00f3n de Carreras, Marcela Groppo, a trav\u00e9s de las cuales se describieron las principales caracter\u00edsticas de los modelos y procesos de evaluaci\u00f3n de instituciones y carreras que caracterizan a la pr\u00e1ctica de la CONEAU. &nbsp;<\/p>\n\n\n\n<figure class=\"wp-block-image size-large\"><a href=\"https:\/\/www.coneau.gob.ar\/coneau\/wp-content\/uploads\/2025\/09\/Captura-de-Pantalla-2025-09-15-a-las-11.16.28.png\"><img decoding=\"async\" loading=\"lazy\" width=\"1024\" height=\"256\" src=\"https:\/\/www.coneau.gob.ar\/coneau\/wp-content\/uploads\/2025\/09\/Captura-de-Pantalla-2025-09-15-a-las-11.16.28-1024x256.png\" alt=\"\" class=\"wp-image-13093\" srcset=\"https:\/\/www.coneau.gob.ar\/coneau\/wp-content\/uploads\/2025\/09\/Captura-de-Pantalla-2025-09-15-a-las-11.16.28-1024x256.png 1024w, https:\/\/www.coneau.gob.ar\/coneau\/wp-content\/uploads\/2025\/09\/Captura-de-Pantalla-2025-09-15-a-las-11.16.28-300x75.png 300w, https:\/\/www.coneau.gob.ar\/coneau\/wp-content\/uploads\/2025\/09\/Captura-de-Pantalla-2025-09-15-a-las-11.16.28-768x192.png 768w, https:\/\/www.coneau.gob.ar\/coneau\/wp-content\/uploads\/2025\/09\/Captura-de-Pantalla-2025-09-15-a-las-11.16.28.png 1502w\" sizes=\"(max-width: 1024px) 100vw, 1024px\" \/><\/a><\/figure>\n\n\n\n<p>El encuentro culmin\u00f3 con una clase dedicada a conocer los diferentes enfoques del aseguramiento de la calidad en la educaci\u00f3n superior a nivel internacional, junto a la directora de Desarrollo y Relaciones Internacionales, Gabriela Chidichimo, y la responsable de la Escuela de Formaci\u00f3n y del \u00e1rea de Relaciones Internacionales, Sof\u00eda Farizano.&nbsp; En este marco, los participantes pudieron conocer las funciones y experiencias de uno de los organismos evaluadores de M\u00e9xico, CIEES (Comit\u00e9s Interinstitucionales para la Evaluaci\u00f3n de la Educaci\u00f3n Superior), a trav\u00e9s de una conferencia brindada por el titular de su Unidad de Transferencia del Conocimiento y Certificaci\u00f3n, David Alejandro Guti\u00e9rrez S\u00e1nchez.<\/p>\n\n\n\n<p>El curso de Certificaci\u00f3n se desarrollar\u00e1 hasta el mes de noviembre, contemplando actividades a cargo de coordinadores y equipo t\u00e9cnico de la CONEAU.<\/p>\n\n\n\n<p>Desde el sitio de la Escuela de Formaci\u00f3n CONEAU podr\u00e1n acceder a m\u00e1s informaci\u00f3n del curso, como as\u00ed tambi\u00e9n a la convocatoria para instituciones universitarias interesadas en actuar como sede de la primera edici\u00f3n 2026.<\/p>\n\n\n\n<div class=\"wp-block-buttons is-layout-flex\">\n<div class=\"wp-block-button\"><a class=\"wp-block-button__link has-background wp-element-button\" href=\"https:\/\/www.coneau.gob.ar\/escueladeformacion\/\" style=\"background-color:#2590a8\" target=\"_blank\" rel=\"noreferrer noopener\">ir a sitio de escuela de formaci\u00f3n<\/a><\/div>\n<\/div>\n\n\n\n<div style=\"height:48px\" aria-hidden=\"true\" class=\"wp-block-spacer\"><\/div>\n","protected":false},"excerpt":{"rendered":"<p>El jueves 28 de agosto inici\u00f3 la segunda edici\u00f3n del a\u00f1o del curso de Certificaci\u00f3n en Evaluaci\u00f3n y Acreditaci\u00f3n Universitaria, organizado por la Escuela de Formaci\u00f3n de la CONEAU. Con sede en la Ciudad de Buenos Aires, el programa re\u00fane a 42&nbsp; representantes de 31 instituciones universitarias de diferentes regiones del pa\u00eds.&nbsp; El encuentro inicial &hellip; <a href=\"https:\/\/www.coneau.gob.ar\/coneau\/se-desarrolla-en-la-segunda-edicion-2025-del-curso-de-certificacion-en-evaluacion-y-acreditacion-universitaria\/\" class=\"more-link\">Seguir leyendo <span class=\"screen-reader-text\">Se desarrolla la segunda edici\u00f3n 2025 del curso de Certificaci\u00f3n en Evaluaci\u00f3n y Acreditaci\u00f3n Universitaria<\/span> <span class=\"meta-nav\">&rarr;<\/span><\/a><\/p>\n","protected":false},"author":2,"featured_media":13081,"comment_status":"open","ping_status":"open","sticky":false,"template":"","format":"standard","meta":[],"categories":[33],"tags":[],"acf":[],"_links":{"self":[{"href":"https:\/\/www.coneau.gob.ar\/coneau\/wp-json\/wp\/v2\/posts\/13074"}],"collection":[{"href":"https:\/\/www.coneau.gob.ar\/coneau\/wp-json\/wp\/v2\/posts"}],"about":[{"href":"https:\/\/www.coneau.gob.ar\/coneau\/wp-json\/wp\/v2\/types\/post"}],"author":[{"embeddable":true,"href":"https:\/\/www.coneau.gob.ar\/coneau\/wp-json\/wp\/v2\/users\/2"}],"replies":[{"embeddable":true,"href":"https:\/\/www.coneau.gob.ar\/coneau\/wp-json\/wp\/v2\/comments?post=13074"}],"version-history":[{"count":9,"href":"https:\/\/www.coneau.gob.ar\/coneau\/wp-json\/wp\/v2\/posts\/13074\/revisions"}],"predecessor-version":[{"id":13100,"href":"https:\/\/www.coneau.gob.ar\/coneau\/wp-json\/wp\/v2\/posts\/13074\/revisions\/13100"}],"wp:featuredmedia":[{"embeddable":true,"href":"https:\/\/www.coneau.gob.ar\/coneau\/wp-json\/wp\/v2\/media\/13081"}],"wp:attachment":[{"href":"https:\/\/www.coneau.gob.ar\/coneau\/wp-json\/wp\/v2\/media?parent=13074"}],"wp:term":[{"taxonomy":"category","embeddable":true,"href":"https:\/\/www.coneau.gob.ar\/coneau\/wp-json\/wp\/v2\/categories?post=13074"},{"taxonomy":"post_tag","embeddable":true,"href":"https:\/\/www.coneau.gob.ar\/coneau\/wp-json\/wp\/v2\/tags?post=13074"}],"curies":[{"name":"wp","href":"https:\/\/api.w.org\/{rel}","templated":true}]}}