{"id":12971,"date":"2025-08-22T10:08:00","date_gmt":"2025-08-22T13:08:00","guid":{"rendered":"https:\/\/www.coneau.gob.ar\/coneau\/?p=12971"},"modified":"2025-09-15T10:48:47","modified_gmt":"2025-09-15T13:48:47","slug":"nicio-la-tercera-edicion-2025-del-curso-de-introduccion-a-los-procesos-de-evaluacion-y-acreditacion-universitaria","status":"publish","type":"post","link":"https:\/\/www.coneau.gob.ar\/coneau\/nicio-la-tercera-edicion-2025-del-curso-de-introduccion-a-los-procesos-de-evaluacion-y-acreditacion-universitaria\/","title":{"rendered":"Inici\u00f3 la tercera edici\u00f3n 2025 del curso de Introducci\u00f3n a los Procesos de Evaluaci\u00f3n y Acreditaci\u00f3n Universitaria"},"content":{"rendered":"<div class=\"wp-block-image\">\n<figure class=\"alignright size-full is-resized\"><a href=\"https:\/\/www.coneau.gob.ar\/coneau\/wp-content\/uploads\/2025\/09\/Curso-Introduccion-CONEAU-Septiembre.png\"><img decoding=\"async\" src=\"https:\/\/www.coneau.gob.ar\/coneau\/wp-content\/uploads\/2025\/09\/Curso-Introduccion-CONEAU-Septiembre.png\" alt=\"\" class=\"wp-image-12975\" width=\"400\" srcset=\"https:\/\/www.coneau.gob.ar\/coneau\/wp-content\/uploads\/2025\/09\/Curso-Introduccion-CONEAU-Septiembre.png 940w, https:\/\/www.coneau.gob.ar\/coneau\/wp-content\/uploads\/2025\/09\/Curso-Introduccion-CONEAU-Septiembre-300x251.png 300w, https:\/\/www.coneau.gob.ar\/coneau\/wp-content\/uploads\/2025\/09\/Curso-Introduccion-CONEAU-Septiembre-768x644.png 768w\" sizes=\"(max-width: 940px) 100vw, 940px\" \/><\/a><\/figure><\/div>\n\n\n<p>La Escuela de Formaci\u00f3n dio comienzo a la tercera edici\u00f3n anual del curso \u201cIntroducci\u00f3n a los Procesos de Evaluaci\u00f3n y Acreditaci\u00f3n Universitaria\u201d.<\/p>\n\n\n\n<p>En esta oportunidad participan m\u00e1s de 140 representantes de 53 instituciones universitarias de distintas regiones del pa\u00eds.<\/p>\n\n\n\n<p>La capacitaci\u00f3n se desarrolla en formato virtual durante 5 semanas y contempla una diversidad de materiales y actividades orientadas a profundizar en el conocimiento sobre el sistema universitario argentino, el papel de la CONEAU tanto a nivel nacional como internacional y las distintas miradas en torno al aseguramiento de la calidad en la educaci\u00f3n superior. Tambi\u00e9n se abordan en detalle las principales etapas de los procesos que lleva adelante el organismo vinculados a la evaluaci\u00f3n de proyectos institucionales, la evaluaci\u00f3n externa de instituciones y la acreditaci\u00f3n de carreras de grado y posgrado.<\/p>\n\n\n\n<p>La \u00faltima edici\u00f3n del a\u00f1o se desarrollar\u00e1 en el mes de noviembre. M\u00e1s informaci\u00f3n disponible en el sitio web de la Escuela de Formaci\u00f3n CONEAU:&nbsp;<a href=\"https:\/\/www.coneau.gob.ar\/escueladeformacion\/?utm_source=chatgpt.com\" target=\"_blank\" rel=\"noreferrer noopener\">https:\/\/www.coneau.gob.ar\/escueladeformacion\/<\/a><\/p>\n","protected":false},"excerpt":{"rendered":"<p>La Escuela de Formaci\u00f3n dio comienzo a la tercera edici\u00f3n anual del curso \u201cIntroducci\u00f3n a los Procesos de Evaluaci\u00f3n y Acreditaci\u00f3n Universitaria\u201d. En esta oportunidad participan m\u00e1s de 140 representantes de 53 instituciones universitarias de distintas regiones del pa\u00eds. La capacitaci\u00f3n se desarrolla en formato virtual durante 5 semanas y contempla una diversidad de materiales &hellip; <a href=\"https:\/\/www.coneau.gob.ar\/coneau\/nicio-la-tercera-edicion-2025-del-curso-de-introduccion-a-los-procesos-de-evaluacion-y-acreditacion-universitaria\/\" class=\"more-link\">Seguir leyendo <span class=\"screen-reader-text\">Inici\u00f3 la tercera edici\u00f3n 2025 del curso de Introducci\u00f3n a los Procesos de Evaluaci\u00f3n y Acreditaci\u00f3n Universitaria<\/span> <span class=\"meta-nav\">&rarr;<\/span><\/a><\/p>\n","protected":false},"author":2,"featured_media":12190,"comment_status":"open","ping_status":"open","sticky":false,"template":"","format":"standard","meta":[],"categories":[33],"tags":[],"acf":[],"_links":{"self":[{"href":"https:\/\/www.coneau.gob.ar\/coneau\/wp-json\/wp\/v2\/posts\/12971"}],"collection":[{"href":"https:\/\/www.coneau.gob.ar\/coneau\/wp-json\/wp\/v2\/posts"}],"about":[{"href":"https:\/\/www.coneau.gob.ar\/coneau\/wp-json\/wp\/v2\/types\/post"}],"author":[{"embeddable":true,"href":"https:\/\/www.coneau.gob.ar\/coneau\/wp-json\/wp\/v2\/users\/2"}],"replies":[{"embeddable":true,"href":"https:\/\/www.coneau.gob.ar\/coneau\/wp-json\/wp\/v2\/comments?post=12971"}],"version-history":[{"count":4,"href":"https:\/\/www.coneau.gob.ar\/coneau\/wp-json\/wp\/v2\/posts\/12971\/revisions"}],"predecessor-version":[{"id":12976,"href":"https:\/\/www.coneau.gob.ar\/coneau\/wp-json\/wp\/v2\/posts\/12971\/revisions\/12976"}],"wp:featuredmedia":[{"embeddable":true,"href":"https:\/\/www.coneau.gob.ar\/coneau\/wp-json\/wp\/v2\/media\/12190"}],"wp:attachment":[{"href":"https:\/\/www.coneau.gob.ar\/coneau\/wp-json\/wp\/v2\/media?parent=12971"}],"wp:term":[{"taxonomy":"category","embeddable":true,"href":"https:\/\/www.coneau.gob.ar\/coneau\/wp-json\/wp\/v2\/categories?post=12971"},{"taxonomy":"post_tag","embeddable":true,"href":"https:\/\/www.coneau.gob.ar\/coneau\/wp-json\/wp\/v2\/tags?post=12971"}],"curies":[{"name":"wp","href":"https:\/\/api.w.org\/{rel}","templated":true}]}}