{"id":12522,"date":"2025-04-01T15:17:31","date_gmt":"2025-04-01T18:17:31","guid":{"rendered":"https:\/\/www.coneau.gob.ar\/coneau\/?p=12522"},"modified":"2025-04-28T13:43:26","modified_gmt":"2025-04-28T16:43:26","slug":"comenzo-el-curso-de-certificacion-en-evaluacion-y-acreditacion-universitaria-en-corrientes","status":"publish","type":"post","link":"https:\/\/www.coneau.gob.ar\/coneau\/comenzo-el-curso-de-certificacion-en-evaluacion-y-acreditacion-universitaria-en-corrientes\/","title":{"rendered":"Comenz\u00f3 el curso de Certificaci\u00f3n en Evaluaci\u00f3n y Acreditaci\u00f3n Universitaria en Corrientes"},"content":{"rendered":"<div class=\"wp-block-image\">\n<figure class=\"alignright size-large is-resized\"><a href=\"https:\/\/www.coneau.gob.ar\/coneau\/wp-content\/uploads\/2025\/04\/DSC_6095-1-scaled.jpg\"><img decoding=\"async\" loading=\"lazy\" src=\"https:\/\/www.coneau.gob.ar\/coneau\/wp-content\/uploads\/2025\/04\/DSC_6095-1-1024x683.jpg\" alt=\"\" class=\"wp-image-12527\" width=\"258\" height=\"171\" srcset=\"https:\/\/www.coneau.gob.ar\/coneau\/wp-content\/uploads\/2025\/04\/DSC_6095-1-1024x683.jpg 1024w, https:\/\/www.coneau.gob.ar\/coneau\/wp-content\/uploads\/2025\/04\/DSC_6095-1-300x200.jpg 300w, https:\/\/www.coneau.gob.ar\/coneau\/wp-content\/uploads\/2025\/04\/DSC_6095-1-768x512.jpg 768w, https:\/\/www.coneau.gob.ar\/coneau\/wp-content\/uploads\/2025\/04\/DSC_6095-1-1536x1024.jpg 1536w, https:\/\/www.coneau.gob.ar\/coneau\/wp-content\/uploads\/2025\/04\/DSC_6095-1-2048x1365.jpg 2048w\" sizes=\"(max-width: 258px) 100vw, 258px\" \/><\/a><\/figure><\/div>\n\n\n<p>Comenz\u00f3 el curso de Certificaci\u00f3n en Evaluaci\u00f3n y Acreditaci\u00f3n Universitaria, que se desarrollar\u00e1 en la sede de la Universidad Nacional del Nordeste.<\/p>\n\n\n\n<p>En esta edici\u00f3n, 53 representantes de diversas instituciones universitarias ampliar\u00e1n sus conocimientos sobre evaluaci\u00f3n y acreditaci\u00f3n universitaria, a trav\u00e9s de actividades que promover\u00e1n el di\u00e1logo e intercambio de experiencias institucionales.<\/p>\n\n\n<div class=\"wp-block-image\">\n<figure class=\"alignright size-large is-resized\"><a href=\"https:\/\/www.coneau.gob.ar\/coneau\/wp-content\/uploads\/2025\/04\/DSC_6032-1-scaled.jpg\"><img decoding=\"async\" loading=\"lazy\" src=\"https:\/\/www.coneau.gob.ar\/coneau\/wp-content\/uploads\/2025\/04\/DSC_6032-1-1024x683.jpg\" alt=\"\" class=\"wp-image-12528\" width=\"259\" height=\"172\" srcset=\"https:\/\/www.coneau.gob.ar\/coneau\/wp-content\/uploads\/2025\/04\/DSC_6032-1-1024x683.jpg 1024w, https:\/\/www.coneau.gob.ar\/coneau\/wp-content\/uploads\/2025\/04\/DSC_6032-1-300x200.jpg 300w, https:\/\/www.coneau.gob.ar\/coneau\/wp-content\/uploads\/2025\/04\/DSC_6032-1-768x512.jpg 768w, https:\/\/www.coneau.gob.ar\/coneau\/wp-content\/uploads\/2025\/04\/DSC_6032-1-1536x1024.jpg 1536w, https:\/\/www.coneau.gob.ar\/coneau\/wp-content\/uploads\/2025\/04\/DSC_6032-1-2048x1365.jpg 2048w\" sizes=\"(max-width: 259px) 100vw, 259px\" \/><\/a><\/figure><\/div>\n\n\n<p>La apertura de la actividad cont\u00f3 con la presencia de autoridades de la universidad, incluyendo las palabras de bienvenida del rector Omar Larroza, quien destac\u00f3 la importancia de la realizaci\u00f3n del curso para la formaci\u00f3n continua en la regi\u00f3n.<br>A lo largo de las primeras clases, los participantes han explorado las principales caracter\u00edsticas del sistema universitario argentino, la evaluaci\u00f3n de instituciones y la acreditaci\u00f3n de carreras.<br>El equipo docente estuvo conformado por el presidente de la CONEAU, Mart\u00edn Strah; el director de la Escuela de Formaci\u00f3n, Arturo Somoza; el director de Evaluaci\u00f3n Institucional, Pablo Tovillas; la directora de Acreditaci\u00f3n de Carreras, Marcela Groppo; la directora de Desarrollo y Relaciones Internacionales, Gabriela Chidichimo; y la responsable de la Escuela de Formaci\u00f3n y Relaciones Internacionales de la CONEAU, Sof\u00eda Farizano.<\/p>\n\n\n<div class=\"wp-block-image\">\n<figure class=\"alignleft size-large is-resized\"><a href=\"https:\/\/www.coneau.gob.ar\/coneau\/wp-content\/uploads\/2025\/04\/Captura-de-pantalla-2025-04-07-160633.png\"><img decoding=\"async\" loading=\"lazy\" src=\"https:\/\/www.coneau.gob.ar\/coneau\/wp-content\/uploads\/2025\/04\/Captura-de-pantalla-2025-04-07-160633-1024x249.png\" alt=\"\" class=\"wp-image-12529\" width=\"760\" height=\"184\" srcset=\"https:\/\/www.coneau.gob.ar\/coneau\/wp-content\/uploads\/2025\/04\/Captura-de-pantalla-2025-04-07-160633-1024x249.png 1024w, https:\/\/www.coneau.gob.ar\/coneau\/wp-content\/uploads\/2025\/04\/Captura-de-pantalla-2025-04-07-160633-300x73.png 300w, https:\/\/www.coneau.gob.ar\/coneau\/wp-content\/uploads\/2025\/04\/Captura-de-pantalla-2025-04-07-160633-768x187.png 768w, https:\/\/www.coneau.gob.ar\/coneau\/wp-content\/uploads\/2025\/04\/Captura-de-pantalla-2025-04-07-160633.png 1470w\" sizes=\"(max-width: 760px) 100vw, 760px\" \/><\/a><\/figure><\/div>","protected":false},"excerpt":{"rendered":"<p>Comenz\u00f3 el curso de Certificaci\u00f3n en Evaluaci\u00f3n y Acreditaci\u00f3n Universitaria, que se desarrollar\u00e1 en la sede de la Universidad Nacional del Nordeste. En esta edici\u00f3n, 53 representantes de diversas instituciones universitarias ampliar\u00e1n sus conocimientos sobre evaluaci\u00f3n y acreditaci\u00f3n universitaria, a trav\u00e9s de actividades que promover\u00e1n el di\u00e1logo e intercambio de experiencias institucionales. La apertura de &hellip; <a href=\"https:\/\/www.coneau.gob.ar\/coneau\/comenzo-el-curso-de-certificacion-en-evaluacion-y-acreditacion-universitaria-en-corrientes\/\" class=\"more-link\">Seguir leyendo <span class=\"screen-reader-text\">Comenz\u00f3 el curso de Certificaci\u00f3n en Evaluaci\u00f3n y Acreditaci\u00f3n Universitaria en Corrientes<\/span> <span class=\"meta-nav\">&rarr;<\/span><\/a><\/p>\n","protected":false},"author":2,"featured_media":12524,"comment_status":"closed","ping_status":"closed","sticky":false,"template":"","format":"standard","meta":[],"categories":[33],"tags":[],"acf":[],"_links":{"self":[{"href":"https:\/\/www.coneau.gob.ar\/coneau\/wp-json\/wp\/v2\/posts\/12522"}],"collection":[{"href":"https:\/\/www.coneau.gob.ar\/coneau\/wp-json\/wp\/v2\/posts"}],"about":[{"href":"https:\/\/www.coneau.gob.ar\/coneau\/wp-json\/wp\/v2\/types\/post"}],"author":[{"embeddable":true,"href":"https:\/\/www.coneau.gob.ar\/coneau\/wp-json\/wp\/v2\/users\/2"}],"replies":[{"embeddable":true,"href":"https:\/\/www.coneau.gob.ar\/coneau\/wp-json\/wp\/v2\/comments?post=12522"}],"version-history":[{"count":4,"href":"https:\/\/www.coneau.gob.ar\/coneau\/wp-json\/wp\/v2\/posts\/12522\/revisions"}],"predecessor-version":[{"id":12535,"href":"https:\/\/www.coneau.gob.ar\/coneau\/wp-json\/wp\/v2\/posts\/12522\/revisions\/12535"}],"wp:featuredmedia":[{"embeddable":true,"href":"https:\/\/www.coneau.gob.ar\/coneau\/wp-json\/wp\/v2\/media\/12524"}],"wp:attachment":[{"href":"https:\/\/www.coneau.gob.ar\/coneau\/wp-json\/wp\/v2\/media?parent=12522"}],"wp:term":[{"taxonomy":"category","embeddable":true,"href":"https:\/\/www.coneau.gob.ar\/coneau\/wp-json\/wp\/v2\/categories?post=12522"},{"taxonomy":"post_tag","embeddable":true,"href":"https:\/\/www.coneau.gob.ar\/coneau\/wp-json\/wp\/v2\/tags?post=12522"}],"curies":[{"name":"wp","href":"https:\/\/api.w.org\/{rel}","templated":true}]}}