{"id":12508,"date":"2025-03-20T14:00:00","date_gmt":"2025-03-20T17:00:00","guid":{"rendered":"https:\/\/www.coneau.gob.ar\/coneau\/?p=12508"},"modified":"2025-05-20T16:54:19","modified_gmt":"2025-05-20T19:54:19","slug":"coneau-participo-en-la-reunion-de-la-red-de-agencias-nacionales-de-acreditacion-del-mercosur-rana-2","status":"publish","type":"post","link":"https:\/\/www.coneau.gob.ar\/coneau\/coneau-participo-en-la-reunion-de-la-red-de-agencias-nacionales-de-acreditacion-del-mercosur-rana-2\/","title":{"rendered":"CONEAU particip\u00f3 en la reuni\u00f3n de la Red de Agencias Nacionales de Acreditaci\u00f3n del Mercosur (RANA)"},"content":{"rendered":"<div>&nbsp;<\/div>\n<div>&nbsp;<\/div>\n\n<div class=\"wp-block-image\">\n<figure class=\"alignright size-large is-resized\"><a href=\"https:\/\/www.coneau.gob.ar\/coneau\/wp-content\/uploads\/2025\/03\/RANA-marzo-2025-2-1.jpeg\"><img decoding=\"async\" src=\"https:\/\/www.coneau.gob.ar\/coneau\/wp-content\/uploads\/2025\/03\/RANA-marzo-2025-2-1-1024x596.jpeg\" alt=\"\" class=\"wp-image-12512\" width=\"400\" srcset=\"https:\/\/www.coneau.gob.ar\/coneau\/wp-content\/uploads\/2025\/03\/RANA-marzo-2025-2-1-1024x596.jpeg 1024w, https:\/\/www.coneau.gob.ar\/coneau\/wp-content\/uploads\/2025\/03\/RANA-marzo-2025-2-1-300x175.jpeg 300w, https:\/\/www.coneau.gob.ar\/coneau\/wp-content\/uploads\/2025\/03\/RANA-marzo-2025-2-1-768x447.jpeg 768w, https:\/\/www.coneau.gob.ar\/coneau\/wp-content\/uploads\/2025\/03\/RANA-marzo-2025-2-1-1536x895.jpeg 1536w, https:\/\/www.coneau.gob.ar\/coneau\/wp-content\/uploads\/2025\/03\/RANA-marzo-2025-2-1.jpeg 1600w\" sizes=\"(max-width: 1024px) 100vw, 1024px\" \/><\/a><\/figure><\/div>\n\n\n<p>El encuentro reuni\u00f3 a delegaciones de Argentina, Bolivia, Brasil, Chile, Colombia, Paraguay, Per\u00fa y Uruguay. La reuni\u00f3n estuvo presidida por Mart\u00edn Strah, presidente de la CONEAU;&nbsp;acompa\u00f1ado por Marcela Groppo, directora de Acreditaci\u00f3n de Carreras; Gabriela Chidichimo, directora de Desarrollo y Relaciones Internacionales; Ana Filippa, coordinadora de Acreditaci\u00f3n de Carreras de Grado; y Sof\u00eda Farizano, responsable de Relaciones Internacionales.<\/p>\n\n\n\n<p>El pasado 20 de marzo tuvo lugar en modalidad virtual la primera reuni\u00f3n de la Red de Agencias Nacionales de Acreditaci\u00f3n del Mercosur (RANA) bajo la Presidencia Pro Tempore de Argentina.<\/p>\n\n\n\n<p>El orden del d\u00eda incluy\u00f3 informes de los miembros de la red sobre los avances en los procesos de acreditaci\u00f3n ARCU-SUR. Adem\u00e1s, se compartieron novedades&nbsp;de las agencias y espacios de intercambio sobre la apertura de nuevas convocatorias y la organizaci\u00f3n de Talleres Regionales de Pares para la incorporaci\u00f3n en el Banco Internacional de Pares Evaluadores.<\/p>\n","protected":false},"excerpt":{"rendered":"<p>&nbsp; &nbsp; El encuentro reuni\u00f3 a delegaciones de Argentina, Bolivia, Brasil, Chile, Colombia, Paraguay, Per\u00fa y Uruguay. La reuni\u00f3n estuvo presidida por Mart\u00edn Strah, presidente de la CONEAU;&nbsp;acompa\u00f1ado por Marcela Groppo, directora de Acreditaci\u00f3n de Carreras; Gabriela Chidichimo, directora de Desarrollo y Relaciones Internacionales; Ana Filippa, coordinadora de Acreditaci\u00f3n de Carreras de Grado; y Sof\u00eda &hellip; <a href=\"https:\/\/www.coneau.gob.ar\/coneau\/coneau-participo-en-la-reunion-de-la-red-de-agencias-nacionales-de-acreditacion-del-mercosur-rana-2\/\" class=\"more-link\">Seguir leyendo <span class=\"screen-reader-text\">CONEAU particip\u00f3 en la reuni\u00f3n de la Red de Agencias Nacionales de Acreditaci\u00f3n del Mercosur (RANA)<\/span> <span class=\"meta-nav\">&rarr;<\/span><\/a><\/p>\n","protected":false},"author":2,"featured_media":12509,"comment_status":"open","ping_status":"open","sticky":false,"template":"","format":"standard","meta":[],"categories":[33],"tags":[],"acf":[],"_links":{"self":[{"href":"https:\/\/www.coneau.gob.ar\/coneau\/wp-json\/wp\/v2\/posts\/12508"}],"collection":[{"href":"https:\/\/www.coneau.gob.ar\/coneau\/wp-json\/wp\/v2\/posts"}],"about":[{"href":"https:\/\/www.coneau.gob.ar\/coneau\/wp-json\/wp\/v2\/types\/post"}],"author":[{"embeddable":true,"href":"https:\/\/www.coneau.gob.ar\/coneau\/wp-json\/wp\/v2\/users\/2"}],"replies":[{"embeddable":true,"href":"https:\/\/www.coneau.gob.ar\/coneau\/wp-json\/wp\/v2\/comments?post=12508"}],"version-history":[{"count":6,"href":"https:\/\/www.coneau.gob.ar\/coneau\/wp-json\/wp\/v2\/posts\/12508\/revisions"}],"predecessor-version":[{"id":12532,"href":"https:\/\/www.coneau.gob.ar\/coneau\/wp-json\/wp\/v2\/posts\/12508\/revisions\/12532"}],"wp:featuredmedia":[{"embeddable":true,"href":"https:\/\/www.coneau.gob.ar\/coneau\/wp-json\/wp\/v2\/media\/12509"}],"wp:attachment":[{"href":"https:\/\/www.coneau.gob.ar\/coneau\/wp-json\/wp\/v2\/media?parent=12508"}],"wp:term":[{"taxonomy":"category","embeddable":true,"href":"https:\/\/www.coneau.gob.ar\/coneau\/wp-json\/wp\/v2\/categories?post=12508"},{"taxonomy":"post_tag","embeddable":true,"href":"https:\/\/www.coneau.gob.ar\/coneau\/wp-json\/wp\/v2\/tags?post=12508"}],"curies":[{"name":"wp","href":"https:\/\/api.w.org\/{rel}","templated":true}]}}