{"id":12162,"date":"2025-02-27T10:38:00","date_gmt":"2025-02-27T13:38:00","guid":{"rendered":"https:\/\/www.coneau.gob.ar\/coneau\/?p=12162"},"modified":"2025-05-06T17:01:00","modified_gmt":"2025-05-06T20:01:00","slug":"12162-2","status":"publish","type":"post","link":"https:\/\/www.coneau.gob.ar\/coneau\/12162-2\/","title":{"rendered":"<strong>Reuni\u00f3n CONEAU &#8211; OBREAL para la cooperaci\u00f3n interregional<\/strong>"},"content":{"rendered":"<div class=\"wp-block-image\">\n<figure class=\"alignright size-large is-resized\"><a href=\"https:\/\/www.coneau.gob.ar\/coneau\/wp-content\/uploads\/2025\/03\/Captura-de-Pantalla-2025-03-11-a-las-10.47.47.png\"><img decoding=\"async\" src=\"https:\/\/www.coneau.gob.ar\/coneau\/wp-content\/uploads\/2025\/03\/Captura-de-Pantalla-2025-03-11-a-las-10.47.47-1024x681.png\" alt=\"\" class=\"wp-image-12169\" width=\"400\" srcset=\"https:\/\/www.coneau.gob.ar\/coneau\/wp-content\/uploads\/2025\/03\/Captura-de-Pantalla-2025-03-11-a-las-10.47.47-1024x681.png 1024w, https:\/\/www.coneau.gob.ar\/coneau\/wp-content\/uploads\/2025\/03\/Captura-de-Pantalla-2025-03-11-a-las-10.47.47-300x200.png 300w, https:\/\/www.coneau.gob.ar\/coneau\/wp-content\/uploads\/2025\/03\/Captura-de-Pantalla-2025-03-11-a-las-10.47.47-768x511.png 768w, https:\/\/www.coneau.gob.ar\/coneau\/wp-content\/uploads\/2025\/03\/Captura-de-Pantalla-2025-03-11-a-las-10.47.47.png 1496w\" sizes=\"(max-width: 1024px) 100vw, 1024px\" \/><\/a><\/figure><\/div>\n\n\n<p>Con el prop\u00f3sito de fortalecer la colaboraci\u00f3n interregional en el \u00e1mbito del aseguramiento de la calidad en la educaci\u00f3n superior, el presidente de CONEAU, Mart\u00edn Strah, recibi\u00f3 al director de Estrategia y Desarrollo de OBREAL, Nicolas Patrici.<\/p>\n\n\n\n<p>La reuni\u00f3n favoreci\u00f3 el intercambio sobre las principales iniciativas que ambos organismos desarrollan en el marco de la internacionalizaci\u00f3n de la educaci\u00f3n superior, lo que permiti\u00f3 explorar posibles l\u00edneas de acci\u00f3n conjunta en materia de evaluaci\u00f3n y acreditaci\u00f3n universitaria.<\/p>\n\n\n\n<p>El encuentro, que tuvo lugar este jueves 27 de febrero, cont\u00f3 tambi\u00e9n con la participaci\u00f3n de la responsable de Relaciones Internacionales de CONEAU, Sof\u00eda Farizano, y la coordinadora de la oficina de OBREAL para Am\u00e9rica del Sur, Mar\u00eda Florencia Bergez.<\/p>\n\n\n\n<p>La iniciativa refuerza el di\u00e1logo entre CONEAU y OBREAL, promoviendo el intercambio de experiencias y perspectivas que permitan desarrollar nuevos proyectos conjuntos, en pos de contribuir al fortalecimiento de los sistemas de aseguramiento de la calidad a nivel internacional.<\/p>\n","protected":false},"excerpt":{"rendered":"<p>Con el prop\u00f3sito de fortalecer la colaboraci\u00f3n interregional en el \u00e1mbito del aseguramiento de la calidad en la educaci\u00f3n superior, el presidente de CONEAU, Mart\u00edn Strah, recibi\u00f3 al director de Estrategia y Desarrollo de OBREAL, Nicolas Patrici. La reuni\u00f3n favoreci\u00f3 el intercambio sobre las principales iniciativas que ambos organismos desarrollan en el marco de la &hellip; <a href=\"https:\/\/www.coneau.gob.ar\/coneau\/12162-2\/\" class=\"more-link\">Seguir leyendo <span class=\"screen-reader-text\"><strong>Reuni\u00f3n CONEAU &#8211; OBREAL para la cooperaci\u00f3n interregional<\/strong><\/span> <span class=\"meta-nav\">&rarr;<\/span><\/a><\/p>\n","protected":false},"author":2,"featured_media":12165,"comment_status":"open","ping_status":"open","sticky":false,"template":"","format":"standard","meta":[],"categories":[33],"tags":[],"acf":[],"_links":{"self":[{"href":"https:\/\/www.coneau.gob.ar\/coneau\/wp-json\/wp\/v2\/posts\/12162"}],"collection":[{"href":"https:\/\/www.coneau.gob.ar\/coneau\/wp-json\/wp\/v2\/posts"}],"about":[{"href":"https:\/\/www.coneau.gob.ar\/coneau\/wp-json\/wp\/v2\/types\/post"}],"author":[{"embeddable":true,"href":"https:\/\/www.coneau.gob.ar\/coneau\/wp-json\/wp\/v2\/users\/2"}],"replies":[{"embeddable":true,"href":"https:\/\/www.coneau.gob.ar\/coneau\/wp-json\/wp\/v2\/comments?post=12162"}],"version-history":[{"count":3,"href":"https:\/\/www.coneau.gob.ar\/coneau\/wp-json\/wp\/v2\/posts\/12162\/revisions"}],"predecessor-version":[{"id":12170,"href":"https:\/\/www.coneau.gob.ar\/coneau\/wp-json\/wp\/v2\/posts\/12162\/revisions\/12170"}],"wp:featuredmedia":[{"embeddable":true,"href":"https:\/\/www.coneau.gob.ar\/coneau\/wp-json\/wp\/v2\/media\/12165"}],"wp:attachment":[{"href":"https:\/\/www.coneau.gob.ar\/coneau\/wp-json\/wp\/v2\/media?parent=12162"}],"wp:term":[{"taxonomy":"category","embeddable":true,"href":"https:\/\/www.coneau.gob.ar\/coneau\/wp-json\/wp\/v2\/categories?post=12162"},{"taxonomy":"post_tag","embeddable":true,"href":"https:\/\/www.coneau.gob.ar\/coneau\/wp-json\/wp\/v2\/tags?post=12162"}],"curies":[{"name":"wp","href":"https:\/\/api.w.org\/{rel}","templated":true}]}}