{"id":11894,"date":"2024-09-30T10:52:35","date_gmt":"2024-09-30T13:52:35","guid":{"rendered":"https:\/\/www.coneau.gob.ar\/coneau\/?p=11894"},"modified":"2024-10-17T13:56:39","modified_gmt":"2024-10-17T16:56:39","slug":"inicio-un-nuevo-curso-de-introduccion-a-la-evaluacion-y-acreditacion-universitaria","status":"publish","type":"post","link":"https:\/\/www.coneau.gob.ar\/coneau\/inicio-un-nuevo-curso-de-introduccion-a-la-evaluacion-y-acreditacion-universitaria\/","title":{"rendered":"Inici\u00f3 un nuevo curso de Introducci\u00f3n a la Evaluaci\u00f3n y Acreditaci\u00f3n Universitaria"},"content":{"rendered":"<div class=\"wp-block-image\">\n<figure class=\"alignright size-full is-resized\"><a href=\"https:\/\/www.coneau.gob.ar\/coneau\/wp-content\/uploads\/2024\/10\/Post-FB-CONEAU-8.png\"><img decoding=\"async\" src=\"https:\/\/www.coneau.gob.ar\/coneau\/wp-content\/uploads\/2024\/10\/Post-FB-CONEAU-8.png\" alt=\"\" class=\"wp-image-11897\" width=\"400\" srcset=\"https:\/\/www.coneau.gob.ar\/coneau\/wp-content\/uploads\/2024\/10\/Post-FB-CONEAU-8.png 940w, https:\/\/www.coneau.gob.ar\/coneau\/wp-content\/uploads\/2024\/10\/Post-FB-CONEAU-8-300x251.png 300w, https:\/\/www.coneau.gob.ar\/coneau\/wp-content\/uploads\/2024\/10\/Post-FB-CONEAU-8-768x644.png 768w\" sizes=\"(max-width: 940px) 100vw, 940px\" \/><\/a><\/figure><\/div>\n\n\n<p class=\"has-text-align-justify\"><strong>Inici\u00f3 la tercera edici\u00f3n del a\u00f1o del curso de Introducci\u00f3n a los Procesos de Evaluaci\u00f3n y Acreditaci\u00f3n Universitaria.<\/strong><\/p>\n\n\n\n<p class=\"has-text-align-justify\"><strong>El programa de formaci\u00f3n re\u00fane a\u00a0m\u00e1s de 100 representantes de 44 instituciones universitarias del pa\u00eds.<\/strong><\/p>\n\n\n\n<p class=\"has-text-align-justify\">A lo largo de 5 semanas, los participantes recorrer\u00e1n el curso de la Escuela de Formaci\u00f3n CONEAU en modalidad autogestionada,\u00a0 a trav\u00e9s del campus virtual de CONEAU.\u00a0<\/p>\n\n\n\n<p class=\"has-text-align-justify\">La actividad permite conocer y analizar los principales procedimientos y metodolog\u00edas para la implementaci\u00f3n de la evaluaci\u00f3n de proyectos institucionales, la evaluaci\u00f3n externa de instituciones y la acreditaci\u00f3n de carreras de grado y posgrado.<\/p>\n\n\n\n<p class=\"has-text-align-justify\">La pr\u00f3xima edici\u00f3n del curso comenzar\u00e1 en noviembre.\u00a0 <\/p>\n\n\n\n<div class=\"wp-block-buttons is-layout-flex\">\n<div class=\"wp-block-button\"><a class=\"wp-block-button__link has-background wp-element-button\" href=\"\" style=\"background-color:#21809c\" target=\"_blank\" rel=\"noreferrer noopener\">m\u00e1s informaci\u00f3n<\/a><\/div>\n<\/div>\n\n\n\n<div style=\"height:100px\" aria-hidden=\"true\" class=\"wp-block-spacer\"><\/div>\n","protected":false},"excerpt":{"rendered":"<p>Inici\u00f3 la tercera edici\u00f3n del a\u00f1o del curso de Introducci\u00f3n a los Procesos de Evaluaci\u00f3n y Acreditaci\u00f3n Universitaria. El programa de formaci\u00f3n re\u00fane a\u00a0m\u00e1s de 100 representantes de 44 instituciones universitarias del pa\u00eds. A lo largo de 5 semanas, los participantes recorrer\u00e1n el curso de la Escuela de Formaci\u00f3n CONEAU en modalidad autogestionada,\u00a0 a trav\u00e9s &hellip; <a href=\"https:\/\/www.coneau.gob.ar\/coneau\/inicio-un-nuevo-curso-de-introduccion-a-la-evaluacion-y-acreditacion-universitaria\/\" class=\"more-link\">Seguir leyendo <span class=\"screen-reader-text\">Inici\u00f3 un nuevo curso de Introducci\u00f3n a la Evaluaci\u00f3n y Acreditaci\u00f3n Universitaria<\/span> <span class=\"meta-nav\">&rarr;<\/span><\/a><\/p>\n","protected":false},"author":2,"featured_media":11837,"comment_status":"open","ping_status":"open","sticky":false,"template":"","format":"standard","meta":[],"categories":[33],"tags":[],"acf":[],"_links":{"self":[{"href":"https:\/\/www.coneau.gob.ar\/coneau\/wp-json\/wp\/v2\/posts\/11894"}],"collection":[{"href":"https:\/\/www.coneau.gob.ar\/coneau\/wp-json\/wp\/v2\/posts"}],"about":[{"href":"https:\/\/www.coneau.gob.ar\/coneau\/wp-json\/wp\/v2\/types\/post"}],"author":[{"embeddable":true,"href":"https:\/\/www.coneau.gob.ar\/coneau\/wp-json\/wp\/v2\/users\/2"}],"replies":[{"embeddable":true,"href":"https:\/\/www.coneau.gob.ar\/coneau\/wp-json\/wp\/v2\/comments?post=11894"}],"version-history":[{"count":6,"href":"https:\/\/www.coneau.gob.ar\/coneau\/wp-json\/wp\/v2\/posts\/11894\/revisions"}],"predecessor-version":[{"id":11902,"href":"https:\/\/www.coneau.gob.ar\/coneau\/wp-json\/wp\/v2\/posts\/11894\/revisions\/11902"}],"wp:featuredmedia":[{"embeddable":true,"href":"https:\/\/www.coneau.gob.ar\/coneau\/wp-json\/wp\/v2\/media\/11837"}],"wp:attachment":[{"href":"https:\/\/www.coneau.gob.ar\/coneau\/wp-json\/wp\/v2\/media?parent=11894"}],"wp:term":[{"taxonomy":"category","embeddable":true,"href":"https:\/\/www.coneau.gob.ar\/coneau\/wp-json\/wp\/v2\/categories?post=11894"},{"taxonomy":"post_tag","embeddable":true,"href":"https:\/\/www.coneau.gob.ar\/coneau\/wp-json\/wp\/v2\/tags?post=11894"}],"curies":[{"name":"wp","href":"https:\/\/api.w.org\/{rel}","templated":true}]}}