{"id":11876,"date":"2024-10-01T16:33:22","date_gmt":"2024-10-01T19:33:22","guid":{"rendered":"https:\/\/www.coneau.gob.ar\/coneau\/?p=11876"},"modified":"2024-10-29T17:10:11","modified_gmt":"2024-10-29T20:10:11","slug":"coneau-encongresodecs-agropecuarias","status":"publish","type":"post","link":"https:\/\/www.coneau.gob.ar\/coneau\/coneau-encongresodecs-agropecuarias\/","title":{"rendered":"CONEAU particip\u00f3 del Congreso Nacional e Internacional de Ense\u00f1anza de las Ciencias Agropecuarias"},"content":{"rendered":"<div class=\"wp-block-image\">\n<figure class=\"alignright size-large is-resized\"><a href=\"https:\/\/www.coneau.gob.ar\/coneau\/wp-content\/uploads\/2024\/10\/460823009_937603541740483_8358978471712859923_n.jpg\"><img decoding=\"async\" src=\"https:\/\/www.coneau.gob.ar\/coneau\/wp-content\/uploads\/2024\/10\/460823009_937603541740483_8358978471712859923_n-1024x682.jpg\" alt=\"\" class=\"wp-image-11881\" width=\"400\" srcset=\"https:\/\/www.coneau.gob.ar\/coneau\/wp-content\/uploads\/2024\/10\/460823009_937603541740483_8358978471712859923_n-1024x682.jpg 1024w, https:\/\/www.coneau.gob.ar\/coneau\/wp-content\/uploads\/2024\/10\/460823009_937603541740483_8358978471712859923_n-300x200.jpg 300w, https:\/\/www.coneau.gob.ar\/coneau\/wp-content\/uploads\/2024\/10\/460823009_937603541740483_8358978471712859923_n-768x512.jpg 768w, https:\/\/www.coneau.gob.ar\/coneau\/wp-content\/uploads\/2024\/10\/460823009_937603541740483_8358978471712859923_n-272x182.jpg 272w, https:\/\/www.coneau.gob.ar\/coneau\/wp-content\/uploads\/2024\/10\/460823009_937603541740483_8358978471712859923_n.jpg 1058w\" sizes=\"(max-width: 1024px) 100vw, 1024px\" \/><\/a><figcaption class=\"wp-element-caption\">Fuente: Universidad de Mor\u00f3n<\/figcaption><\/figure><\/div>\n\n\n<p class=\"has-text-align-justify\">La directora de Acreditaci\u00f3n de Carreras de la CONEAU, Marcela Groppo, fue invitada a participar del IX Congreso Nacional y VIll Congreso Internacional de Ense\u00f1anza de las Ciencias Agropecuarias.<\/p>\n\n\n\n<p class=\"has-text-align-justify\">El congreso se llev\u00f3 a cabo los d\u00edas 16 y 17 de septiembre en la sede de la Universidad de Mor\u00f3n, y estuvo dirigido a estudiantes, docentes, profesionales e investigadores vinculados a las Ciencias Agropecuarias.<\/p>\n\n\n\n<p class=\"has-text-align-justify\">Marcela Groppo estuvo a cargo de la conferencia \u201cAcreditaci\u00f3n de carreras de Agronom\u00eda en el marco de los nuevos est\u00e1ndares\u201d. A lo largo de su disertaci\u00f3n describi\u00f3 las caracter\u00edsticas del proceso de acreditaci\u00f3n de las carreras de referencia y refiri\u00f3, adem\u00e1s, a los principales indicadores para analizar el impacto de la evaluaci\u00f3n en la calidad educativa.<\/p>\n\n\n<div class=\"wp-block-image\">\n<figure class=\"alignright size-large is-resized\"><a href=\"https:\/\/www.coneau.gob.ar\/coneau\/wp-content\/uploads\/2024\/10\/460669701_937603401740497_2999004347463317569_n.jpg\"><img decoding=\"async\" src=\"https:\/\/www.coneau.gob.ar\/coneau\/wp-content\/uploads\/2024\/10\/460669701_937603401740497_2999004347463317569_n-1024x683.jpg\" alt=\"\" class=\"wp-image-11883\" width=\"400\" srcset=\"https:\/\/www.coneau.gob.ar\/coneau\/wp-content\/uploads\/2024\/10\/460669701_937603401740497_2999004347463317569_n-1024x683.jpg 1024w, https:\/\/www.coneau.gob.ar\/coneau\/wp-content\/uploads\/2024\/10\/460669701_937603401740497_2999004347463317569_n-300x200.jpg 300w, https:\/\/www.coneau.gob.ar\/coneau\/wp-content\/uploads\/2024\/10\/460669701_937603401740497_2999004347463317569_n-768x512.jpg 768w, https:\/\/www.coneau.gob.ar\/coneau\/wp-content\/uploads\/2024\/10\/460669701_937603401740497_2999004347463317569_n-1536x1025.jpg 1536w, https:\/\/www.coneau.gob.ar\/coneau\/wp-content\/uploads\/2024\/10\/460669701_937603401740497_2999004347463317569_n-272x182.jpg 272w, https:\/\/www.coneau.gob.ar\/coneau\/wp-content\/uploads\/2024\/10\/460669701_937603401740497_2999004347463317569_n.jpg 2048w\" sizes=\"(max-width: 1024px) 100vw, 1024px\" \/><\/a><figcaption class=\"wp-element-caption\">Fuente: Universidad de Mor\u00f3n<\/figcaption><\/figure><\/div>\n\n\n<p class=\"has-text-align-justify\">La agenda de actividades se complet\u00f3 con conferencias a cargo de referentes de diversas instituciones vinculadas a las ciencias agropecuarias, exposici\u00f3n de p\u00f3sters y presentaci\u00f3n de trabajos realizados por&nbsp;los participantes.<\/p>\n\n\n\n<p class=\"has-text-align-justify\">El Congreso se organiza desde 2006, con el objetivo de facilitar el intercambio de experiencias educativas entre docentes y profesionales de las ciencias agropecuarias y contribuir al desarrollo y mejora continua de la ense\u00f1anza en este campo.<\/p>\n\n\n\n<div style=\"height:100px\" aria-hidden=\"true\" class=\"wp-block-spacer\"><\/div>\n","protected":false},"excerpt":{"rendered":"<p>La directora de Acreditaci\u00f3n de Carreras de la CONEAU, Marcela Groppo, fue invitada a participar del IX Congreso Nacional y VIll Congreso Internacional de Ense\u00f1anza de las Ciencias Agropecuarias. El congreso se llev\u00f3 a cabo los d\u00edas 16 y 17 de septiembre en la sede de la Universidad de Mor\u00f3n, y estuvo dirigido a estudiantes, &hellip; <a href=\"https:\/\/www.coneau.gob.ar\/coneau\/coneau-encongresodecs-agropecuarias\/\" class=\"more-link\">Seguir leyendo <span class=\"screen-reader-text\">CONEAU particip\u00f3 del Congreso Nacional e Internacional de Ense\u00f1anza de las Ciencias Agropecuarias<\/span> <span class=\"meta-nav\">&rarr;<\/span><\/a><\/p>\n","protected":false},"author":2,"featured_media":11892,"comment_status":"closed","ping_status":"closed","sticky":false,"template":"","format":"standard","meta":[],"categories":[33],"tags":[],"acf":[],"_links":{"self":[{"href":"https:\/\/www.coneau.gob.ar\/coneau\/wp-json\/wp\/v2\/posts\/11876"}],"collection":[{"href":"https:\/\/www.coneau.gob.ar\/coneau\/wp-json\/wp\/v2\/posts"}],"about":[{"href":"https:\/\/www.coneau.gob.ar\/coneau\/wp-json\/wp\/v2\/types\/post"}],"author":[{"embeddable":true,"href":"https:\/\/www.coneau.gob.ar\/coneau\/wp-json\/wp\/v2\/users\/2"}],"replies":[{"embeddable":true,"href":"https:\/\/www.coneau.gob.ar\/coneau\/wp-json\/wp\/v2\/comments?post=11876"}],"version-history":[{"count":10,"href":"https:\/\/www.coneau.gob.ar\/coneau\/wp-json\/wp\/v2\/posts\/11876\/revisions"}],"predecessor-version":[{"id":11907,"href":"https:\/\/www.coneau.gob.ar\/coneau\/wp-json\/wp\/v2\/posts\/11876\/revisions\/11907"}],"wp:featuredmedia":[{"embeddable":true,"href":"https:\/\/www.coneau.gob.ar\/coneau\/wp-json\/wp\/v2\/media\/11892"}],"wp:attachment":[{"href":"https:\/\/www.coneau.gob.ar\/coneau\/wp-json\/wp\/v2\/media?parent=11876"}],"wp:term":[{"taxonomy":"category","embeddable":true,"href":"https:\/\/www.coneau.gob.ar\/coneau\/wp-json\/wp\/v2\/categories?post=11876"},{"taxonomy":"post_tag","embeddable":true,"href":"https:\/\/www.coneau.gob.ar\/coneau\/wp-json\/wp\/v2\/tags?post=11876"}],"curies":[{"name":"wp","href":"https:\/\/api.w.org\/{rel}","templated":true}]}}