{"id":11744,"date":"2024-09-09T12:51:19","date_gmt":"2024-09-09T15:51:19","guid":{"rendered":"https:\/\/www.coneau.gob.ar\/coneau\/?p=11744"},"modified":"2024-10-03T11:01:42","modified_gmt":"2024-10-03T14:01:42","slug":"inicio-un-nuevo-curso-de-certificacion-en-evaluacion-y-acreditacion-universitaria","status":"publish","type":"post","link":"https:\/\/www.coneau.gob.ar\/coneau\/inicio-un-nuevo-curso-de-certificacion-en-evaluacion-y-acreditacion-universitaria\/","title":{"rendered":"Inici\u00f3 un nuevo curso de Certificaci\u00f3n en Evaluaci\u00f3n y Acreditaci\u00f3n Universitaria"},"content":{"rendered":"<div class=\"wp-block-image\">\n<figure class=\"alignright size-large is-resized\"><a href=\"https:\/\/www.coneau.gob.ar\/coneau\/wp-content\/uploads\/2024\/09\/Certificacion-CABA-2024-Strah.jpeg\"><img decoding=\"async\" src=\"https:\/\/www.coneau.gob.ar\/coneau\/wp-content\/uploads\/2024\/09\/Certificacion-CABA-2024-Strah-1024x768.jpeg\" alt=\"\" class=\"wp-image-11753\" width=\"400\" srcset=\"https:\/\/www.coneau.gob.ar\/coneau\/wp-content\/uploads\/2024\/09\/Certificacion-CABA-2024-Strah-1024x768.jpeg 1024w, https:\/\/www.coneau.gob.ar\/coneau\/wp-content\/uploads\/2024\/09\/Certificacion-CABA-2024-Strah-300x225.jpeg 300w, https:\/\/www.coneau.gob.ar\/coneau\/wp-content\/uploads\/2024\/09\/Certificacion-CABA-2024-Strah-768x576.jpeg 768w, https:\/\/www.coneau.gob.ar\/coneau\/wp-content\/uploads\/2024\/09\/Certificacion-CABA-2024-Strah-1536x1152.jpeg 1536w, https:\/\/www.coneau.gob.ar\/coneau\/wp-content\/uploads\/2024\/09\/Certificacion-CABA-2024-Strah.jpeg 1600w\" sizes=\"(max-width: 1024px) 100vw, 1024px\" \/><\/a><\/figure><\/div>\n\n\n<p class=\"has-text-align-justify\"><strong>El pasado jueves 5 de septiembre dio comienzo la segunda edici\u00f3n del a\u00f1o del curso de Certificaci\u00f3n en Evaluaci\u00f3n y Acreditaci\u00f3n Universitaria, organizado por la Escuela de Formaci\u00f3n de la CONEAU.<\/strong><\/p>\n\n\n\n<p class=\"has-text-align-justify\">Este programa cuenta con la participaci\u00f3n de 39 representantes de 27 instituciones universitarias de diferentes regiones del pa\u00eds.\u00a0<\/p>\n\n\n\n<p class=\"has-text-align-justify\">La clase inaugural estuvo a cargo del presidente de la CONEAU, Mart\u00edn Strah, y del miembro de la Comisi\u00f3n Consultiva y director de la Escuela de Formaci\u00f3n, Arturo Somoza. Los expositores recorrieron las principales caracter\u00edsticas del sistema universitario argentino, la Ley de Educaci\u00f3n Superior y las funciones de la Comisi\u00f3n.\u00a0<\/p>\n\n\n<div class=\"wp-block-image\">\n<figure class=\"alignright size-large is-resized\"><a href=\"https:\/\/www.coneau.gob.ar\/coneau\/wp-content\/uploads\/2024\/09\/Certificacion-CABA-2024-Somoza.jpeg\"><img decoding=\"async\" src=\"https:\/\/www.coneau.gob.ar\/coneau\/wp-content\/uploads\/2024\/09\/Certificacion-CABA-2024-Somoza-1024x768.jpeg\" alt=\"\" class=\"wp-image-11752\" width=\"400\" srcset=\"https:\/\/www.coneau.gob.ar\/coneau\/wp-content\/uploads\/2024\/09\/Certificacion-CABA-2024-Somoza-1024x768.jpeg 1024w, https:\/\/www.coneau.gob.ar\/coneau\/wp-content\/uploads\/2024\/09\/Certificacion-CABA-2024-Somoza-300x225.jpeg 300w, https:\/\/www.coneau.gob.ar\/coneau\/wp-content\/uploads\/2024\/09\/Certificacion-CABA-2024-Somoza-768x576.jpeg 768w, https:\/\/www.coneau.gob.ar\/coneau\/wp-content\/uploads\/2024\/09\/Certificacion-CABA-2024-Somoza-1536x1152.jpeg 1536w, https:\/\/www.coneau.gob.ar\/coneau\/wp-content\/uploads\/2024\/09\/Certificacion-CABA-2024-Somoza.jpeg 1600w\" sizes=\"(max-width: 1024px) 100vw, 1024px\" \/><\/a><\/figure><\/div>\n\n\n<p class=\"has-text-align-justify\">Posteriormente, se llevaron a cabo clases introductorias a las diferentes perspectivas de aseguramiento de la calidad de la educaci\u00f3n superior a nivel nacional e internacional. Las mismas contaron con presentaciones de Pablo Tovillas, director de Evaluaci\u00f3n Institucional; Marcela Groppo, directora de Acreditaci\u00f3n de Carreras; Gabriela Chidichimo, directora de Desarrollo y Relaciones Internacionales; y Sof\u00eda Farizano, responsable de la Escuela de Formaci\u00f3n y del \u00e1rea de Relaciones Internacionales.<\/p>\n\n\n\n<p class=\"has-text-align-justify\">En el marco de la clase sobre enfoques internacionales, se desarroll\u00f3 la conferencia \u201cEl sistema de aseguramiento de la calidad en M\u00e9xico\u201d, a cargo del titular de la Unidad de Transferencia del Conocimiento y Certificaci\u00f3n de los Comit\u00e9s Interinstitucionales para la Evaluaci\u00f3n de la Educaci\u00f3n Superior (CIEES), David Alejandro Guti\u00e9rrez S\u00e1nchez. <\/p>\n\n\n<div class=\"wp-block-image\">\n<figure class=\"alignright size-full is-resized\"><a href=\"https:\/\/www.coneau.gob.ar\/coneau\/wp-content\/uploads\/2024\/09\/Clases-Certificacion-CABA-2024.png\"><img decoding=\"async\" src=\"https:\/\/www.coneau.gob.ar\/coneau\/wp-content\/uploads\/2024\/09\/Clases-Certificacion-CABA-2024.png\" alt=\"\" class=\"wp-image-11754\" width=\"400\" srcset=\"https:\/\/www.coneau.gob.ar\/coneau\/wp-content\/uploads\/2024\/09\/Clases-Certificacion-CABA-2024.png 1024w, https:\/\/www.coneau.gob.ar\/coneau\/wp-content\/uploads\/2024\/09\/Clases-Certificacion-CABA-2024-300x225.png 300w, https:\/\/www.coneau.gob.ar\/coneau\/wp-content\/uploads\/2024\/09\/Clases-Certificacion-CABA-2024-768x576.png 768w\" sizes=\"(max-width: 1024px) 100vw, 1024px\" \/><\/a><\/figure><\/div>\n\n\n<p>Los participantes pudieron ampliar informaci\u00f3n sobre\u00a0las caracter\u00edsticas m\u00e1s relevantes del sistema de educaci\u00f3n superior mexicano, como as\u00ed tambi\u00e9n abrir el di\u00e1logo sobre las principales funciones y experiencias de CIEES en tanto organismo evaluador.<\/p>\n\n\n\n<p class=\"has-text-align-justify\">El curso de Certificaci\u00f3n se extender\u00e1 hasta el mes de noviembre, combinando clases presenciales en la Ciudad de Buenos Aires (con sede en la Universidad de Ciencias Empresariales y Sociales), encuentros online y trabajo en campus virtual. \u00a0Los interesados podr\u00e1n acceder a m\u00e1s informaci\u00f3n ingresando a <a rel=\"noreferrer noopener\" href=\"https:\/\/www.coneau.gob.ar\/escueladeformacion\/\" target=\"_blank\">www.coneau.gob.ar\/escueladeformacion\/<\/a><\/p>\n\n\n","protected":false},"excerpt":{"rendered":"<p>El pasado jueves 5 de septiembre dio comienzo la segunda edici\u00f3n del a\u00f1o del curso de Certificaci\u00f3n en Evaluaci\u00f3n y Acreditaci\u00f3n Universitaria, organizado por la Escuela de Formaci\u00f3n de la CONEAU. Este programa cuenta con la participaci\u00f3n de 39 representantes de 27 instituciones universitarias de diferentes regiones del pa\u00eds.\u00a0 La clase inaugural estuvo a cargo &hellip; <a href=\"https:\/\/www.coneau.gob.ar\/coneau\/inicio-un-nuevo-curso-de-certificacion-en-evaluacion-y-acreditacion-universitaria\/\" class=\"more-link\">Seguir leyendo <span class=\"screen-reader-text\">Inici\u00f3 un nuevo curso de Certificaci\u00f3n en Evaluaci\u00f3n y Acreditaci\u00f3n Universitaria<\/span> <span class=\"meta-nav\">&rarr;<\/span><\/a><\/p>\n","protected":false},"author":2,"featured_media":11747,"comment_status":"closed","ping_status":"closed","sticky":false,"template":"","format":"standard","meta":[],"categories":[33],"tags":[],"acf":[],"_links":{"self":[{"href":"https:\/\/www.coneau.gob.ar\/coneau\/wp-json\/wp\/v2\/posts\/11744"}],"collection":[{"href":"https:\/\/www.coneau.gob.ar\/coneau\/wp-json\/wp\/v2\/posts"}],"about":[{"href":"https:\/\/www.coneau.gob.ar\/coneau\/wp-json\/wp\/v2\/types\/post"}],"author":[{"embeddable":true,"href":"https:\/\/www.coneau.gob.ar\/coneau\/wp-json\/wp\/v2\/users\/2"}],"replies":[{"embeddable":true,"href":"https:\/\/www.coneau.gob.ar\/coneau\/wp-json\/wp\/v2\/comments?post=11744"}],"version-history":[{"count":5,"href":"https:\/\/www.coneau.gob.ar\/coneau\/wp-json\/wp\/v2\/posts\/11744\/revisions"}],"predecessor-version":[{"id":11757,"href":"https:\/\/www.coneau.gob.ar\/coneau\/wp-json\/wp\/v2\/posts\/11744\/revisions\/11757"}],"wp:featuredmedia":[{"embeddable":true,"href":"https:\/\/www.coneau.gob.ar\/coneau\/wp-json\/wp\/v2\/media\/11747"}],"wp:attachment":[{"href":"https:\/\/www.coneau.gob.ar\/coneau\/wp-json\/wp\/v2\/media?parent=11744"}],"wp:term":[{"taxonomy":"category","embeddable":true,"href":"https:\/\/www.coneau.gob.ar\/coneau\/wp-json\/wp\/v2\/categories?post=11744"},{"taxonomy":"post_tag","embeddable":true,"href":"https:\/\/www.coneau.gob.ar\/coneau\/wp-json\/wp\/v2\/tags?post=11744"}],"curies":[{"name":"wp","href":"https:\/\/api.w.org\/{rel}","templated":true}]}}