{"id":11533,"date":"2024-08-20T18:01:01","date_gmt":"2024-08-20T21:01:01","guid":{"rendered":"https:\/\/www.coneau.gob.ar\/coneau\/?p=11533"},"modified":"2024-09-09T17:22:18","modified_gmt":"2024-09-09T20:22:18","slug":"visita-de-coneau-al-plenario-del-crup","status":"publish","type":"post","link":"https:\/\/www.coneau.gob.ar\/coneau\/visita-de-coneau-al-plenario-del-crup\/","title":{"rendered":"Visita de CONEAU al plenario del CRUP"},"content":{"rendered":"<div class=\"wp-block-image\">\n<figure class=\"alignright size-large is-resized\"><a href=\"https:\/\/www.coneau.gob.ar\/coneau\/wp-content\/uploads\/2024\/08\/WhatsApp-Image-2024-08-20-at-5.45.21-PM.jpeg\"><img decoding=\"async\" src=\"https:\/\/www.coneau.gob.ar\/coneau\/wp-content\/uploads\/2024\/08\/WhatsApp-Image-2024-08-20-at-5.45.21-PM-1024x768.jpeg\" alt=\"\" class=\"wp-image-11538\" width=\"400\" srcset=\"https:\/\/www.coneau.gob.ar\/coneau\/wp-content\/uploads\/2024\/08\/WhatsApp-Image-2024-08-20-at-5.45.21-PM-1024x768.jpeg 1024w, https:\/\/www.coneau.gob.ar\/coneau\/wp-content\/uploads\/2024\/08\/WhatsApp-Image-2024-08-20-at-5.45.21-PM-300x225.jpeg 300w, https:\/\/www.coneau.gob.ar\/coneau\/wp-content\/uploads\/2024\/08\/WhatsApp-Image-2024-08-20-at-5.45.21-PM-768x576.jpeg 768w, https:\/\/www.coneau.gob.ar\/coneau\/wp-content\/uploads\/2024\/08\/WhatsApp-Image-2024-08-20-at-5.45.21-PM.jpeg 1280w\" sizes=\"(max-width: 1024px) 100vw, 1024px\" \/><\/a><\/figure><\/div>\n\n\n<p class=\"has-text-align-justify\">El presidente de la CONEAU, Mart\u00edn Strah, y N\u00e9stor Pan, miembro del Directorio y ex presidente, fueron recibidos por el Consejo de Rectores de Universidades Privadas (CRUP) en su plenario del 19 de agosto.<\/p>\n\n\n\n<p class=\"has-text-align-justify\">La recepci\u00f3n de los representantes del organismo estuvo a cargo del presidente del CRUP, Juan Carlos Mena, y del vicepresidente 1\u00b0, Rodolfo De Vincenzi. La reuni\u00f3n cont\u00f3 con la asistencia de rectores y rectoras de universidades privadas de todo el pa\u00eds, as\u00ed como con la participaci\u00f3n del Director Nacional de Gesti\u00f3n Universitaria, Mat\u00edas Zubir\u00eda Mansilla.<\/p>\n\n\n\n<p class=\"has-text-align-justify\">En representaci\u00f3n del CRUP, Mena dio la bienvenida al presidente Strah y reafirm\u00f3 la cooperaci\u00f3n del cuerpo de rectores en la renovaci\u00f3n del di\u00e1logo fluido entre ambas instituciones, con el fin de seguir fortaleciendo el trabajo conjunto.&nbsp;<\/p>\n\n\n<div class=\"wp-block-image\">\n<figure class=\"alignright size-large is-resized\"><a href=\"https:\/\/www.coneau.gob.ar\/coneau\/wp-content\/uploads\/2024\/08\/WhatsApp-Image-2024-08-20-at-5.45.20-PM.jpeg\"><img decoding=\"async\" src=\"https:\/\/www.coneau.gob.ar\/coneau\/wp-content\/uploads\/2024\/08\/WhatsApp-Image-2024-08-20-at-5.45.20-PM-1024x768.jpeg\" alt=\"\" class=\"wp-image-11541\" width=\"400\" srcset=\"https:\/\/www.coneau.gob.ar\/coneau\/wp-content\/uploads\/2024\/08\/WhatsApp-Image-2024-08-20-at-5.45.20-PM-1024x768.jpeg 1024w, https:\/\/www.coneau.gob.ar\/coneau\/wp-content\/uploads\/2024\/08\/WhatsApp-Image-2024-08-20-at-5.45.20-PM-300x225.jpeg 300w, https:\/\/www.coneau.gob.ar\/coneau\/wp-content\/uploads\/2024\/08\/WhatsApp-Image-2024-08-20-at-5.45.20-PM-768x576.jpeg 768w, https:\/\/www.coneau.gob.ar\/coneau\/wp-content\/uploads\/2024\/08\/WhatsApp-Image-2024-08-20-at-5.45.20-PM.jpeg 1280w\" sizes=\"(max-width: 1024px) 100vw, 1024px\" \/><\/a><\/figure><\/div>\n\n\n<p class=\"has-text-align-justify\">Seguidamente, se entreg\u00f3 a N\u00e9stor Pan una placa conmemorativa en reconocimiento a sus a\u00f1os a cargo de la presidencia de la Comisi\u00f3n. En el momento de la distinci\u00f3n, Mena destac\u00f3 la experiencia de Pan en su gesti\u00f3n y el acompa\u00f1amiento constante de la CONEAU a las instituciones universitarias.<\/p>\n\n\n\n<p class=\"has-text-align-justify\">Durante el encuentro, Strah se refiri\u00f3 a las diversas acciones que la CONEAU viene desarrollando en el marco de la mejora continua, a los fines de promover el fortalecimiento institucional a nivel nacional e internacional.\u00a0<\/p>\n\n\n\n<p class=\"has-text-align-justify\">Pan, por su parte, enfatiz\u00f3 la importancia de continuar el trabajo conjunto entre ambas entidades para avanzar en la consolidaci\u00f3n del sistema universitario argentino y en la cultura de aseguramiento de la calidad de la educaci\u00f3n superior.<\/p>\n","protected":false},"excerpt":{"rendered":"<p>El presidente de la CONEAU, Mart\u00edn Strah, y N\u00e9stor Pan, miembro del Directorio y ex presidente, fueron recibidos por el Consejo de Rectores de Universidades Privadas (CRUP) en su plenario del 19 de agosto. La recepci\u00f3n de los representantes del organismo estuvo a cargo del presidente del CRUP, Juan Carlos Mena, y del vicepresidente 1\u00b0, &hellip; <a href=\"https:\/\/www.coneau.gob.ar\/coneau\/visita-de-coneau-al-plenario-del-crup\/\" class=\"more-link\">Seguir leyendo <span class=\"screen-reader-text\">Visita de CONEAU al plenario del CRUP<\/span> <span class=\"meta-nav\">&rarr;<\/span><\/a><\/p>\n","protected":false},"author":2,"featured_media":11557,"comment_status":"closed","ping_status":"closed","sticky":false,"template":"","format":"standard","meta":[],"categories":[33],"tags":[],"acf":[],"_links":{"self":[{"href":"https:\/\/www.coneau.gob.ar\/coneau\/wp-json\/wp\/v2\/posts\/11533"}],"collection":[{"href":"https:\/\/www.coneau.gob.ar\/coneau\/wp-json\/wp\/v2\/posts"}],"about":[{"href":"https:\/\/www.coneau.gob.ar\/coneau\/wp-json\/wp\/v2\/types\/post"}],"author":[{"embeddable":true,"href":"https:\/\/www.coneau.gob.ar\/coneau\/wp-json\/wp\/v2\/users\/2"}],"replies":[{"embeddable":true,"href":"https:\/\/www.coneau.gob.ar\/coneau\/wp-json\/wp\/v2\/comments?post=11533"}],"version-history":[{"count":22,"href":"https:\/\/www.coneau.gob.ar\/coneau\/wp-json\/wp\/v2\/posts\/11533\/revisions"}],"predecessor-version":[{"id":11565,"href":"https:\/\/www.coneau.gob.ar\/coneau\/wp-json\/wp\/v2\/posts\/11533\/revisions\/11565"}],"wp:featuredmedia":[{"embeddable":true,"href":"https:\/\/www.coneau.gob.ar\/coneau\/wp-json\/wp\/v2\/media\/11557"}],"wp:attachment":[{"href":"https:\/\/www.coneau.gob.ar\/coneau\/wp-json\/wp\/v2\/media?parent=11533"}],"wp:term":[{"taxonomy":"category","embeddable":true,"href":"https:\/\/www.coneau.gob.ar\/coneau\/wp-json\/wp\/v2\/categories?post=11533"},{"taxonomy":"post_tag","embeddable":true,"href":"https:\/\/www.coneau.gob.ar\/coneau\/wp-json\/wp\/v2\/tags?post=11533"}],"curies":[{"name":"wp","href":"https:\/\/api.w.org\/{rel}","templated":true}]}}