{"id":11482,"date":"2024-08-07T04:17:35","date_gmt":"2024-08-07T07:17:35","guid":{"rendered":"https:\/\/www.coneau.gob.ar\/coneau\/?p=11482"},"modified":"2024-08-22T18:55:48","modified_gmt":"2024-08-22T21:55:48","slug":"coneau-participo-en-la-reunion-de-la-red-de-agencias-nacionales-de-acreditacion-del-mercosur-rana","status":"publish","type":"post","link":"https:\/\/www.coneau.gob.ar\/coneau\/coneau-participo-en-la-reunion-de-la-red-de-agencias-nacionales-de-acreditacion-del-mercosur-rana\/","title":{"rendered":"CONEAU particip\u00f3 en la reuni\u00f3n de la Red de Agencias Nacionales de Acreditaci\u00f3n del Mercosur (RANA)"},"content":{"rendered":"<div class=\"wp-block-image\">\n<figure class=\"alignright size-full is-resized\"><a href=\"https:\/\/www.coneau.gob.ar\/coneau\/wp-content\/uploads\/2024\/08\/Post-Zoom-3.png\"><img decoding=\"async\" src=\"https:\/\/www.coneau.gob.ar\/coneau\/wp-content\/uploads\/2024\/08\/Post-Zoom-3.png\" alt=\"\" class=\"wp-image-11485\" width=\"440\" srcset=\"https:\/\/www.coneau.gob.ar\/coneau\/wp-content\/uploads\/2024\/08\/Post-Zoom-3.png 1024w, https:\/\/www.coneau.gob.ar\/coneau\/wp-content\/uploads\/2024\/08\/Post-Zoom-3-300x225.png 300w, https:\/\/www.coneau.gob.ar\/coneau\/wp-content\/uploads\/2024\/08\/Post-Zoom-3-768x576.png 768w\" sizes=\"(max-width: 1024px) 100vw, 1024px\" \/><\/a><\/figure><\/div>\n\n\n<p class=\"has-text-align-justify\"><strong>El pasado 5 de agosto tuvo lugar en modalidad virtual la primera reuni\u00f3n de la Red de Agencias Nacionales de Acreditaci\u00f3n del Mercosur (RANA) bajo la Presidencia Pro Tempore de Uruguay.<\/strong><\/p>\n\n\n\n<p class=\"has-text-align-justify\">El encuentro reuni\u00f3 a delegaciones de Argentina, Bolivia, Brasil, Chile, Colombia, Ecuador, Paraguay, Per\u00fa y Uruguay. En representaci\u00f3n de CONEAU, asisti\u00f3 la responsable de Relaciones Internacionales, Sof\u00eda Farizano.<\/p>\n\n\n\n<p class=\"has-text-align-justify\">El orden del d\u00eda incluy\u00f3 informes de los miembros de la red sobre los avances en los procesos de acreditaci\u00f3n <a href=\"https:\/\/www.arcusur.org\/\" target=\"_blank\" rel=\"noopener\">ARCU-SUR<\/a>. Adem\u00e1s, se compartieron espacios de intercambio sobre la apertura de nuevas convocatorias y la organizaci\u00f3n de Talleres Regionales de Pares para la incorporaci\u00f3n en el Banco Internacional de Pares Evaluadores.<\/p>\n","protected":false},"excerpt":{"rendered":"<p>El pasado 5 de agosto tuvo lugar en modalidad virtual la primera reuni\u00f3n de la Red de Agencias Nacionales de Acreditaci\u00f3n del Mercosur (RANA) bajo la Presidencia Pro Tempore de Uruguay. El encuentro reuni\u00f3 a delegaciones de Argentina, Bolivia, Brasil, Chile, Colombia, Ecuador, Paraguay, Per\u00fa y Uruguay. En representaci\u00f3n de CONEAU, asisti\u00f3 la responsable de &hellip; <a href=\"https:\/\/www.coneau.gob.ar\/coneau\/coneau-participo-en-la-reunion-de-la-red-de-agencias-nacionales-de-acreditacion-del-mercosur-rana\/\" class=\"more-link\">Seguir leyendo <span class=\"screen-reader-text\">CONEAU particip\u00f3 en la reuni\u00f3n de la Red de Agencias Nacionales de Acreditaci\u00f3n del Mercosur (RANA)<\/span> <span class=\"meta-nav\">&rarr;<\/span><\/a><\/p>\n","protected":false},"author":2,"featured_media":11493,"comment_status":"closed","ping_status":"closed","sticky":false,"template":"","format":"standard","meta":[],"categories":[33],"tags":[],"acf":[],"_links":{"self":[{"href":"https:\/\/www.coneau.gob.ar\/coneau\/wp-json\/wp\/v2\/posts\/11482"}],"collection":[{"href":"https:\/\/www.coneau.gob.ar\/coneau\/wp-json\/wp\/v2\/posts"}],"about":[{"href":"https:\/\/www.coneau.gob.ar\/coneau\/wp-json\/wp\/v2\/types\/post"}],"author":[{"embeddable":true,"href":"https:\/\/www.coneau.gob.ar\/coneau\/wp-json\/wp\/v2\/users\/2"}],"replies":[{"embeddable":true,"href":"https:\/\/www.coneau.gob.ar\/coneau\/wp-json\/wp\/v2\/comments?post=11482"}],"version-history":[{"count":4,"href":"https:\/\/www.coneau.gob.ar\/coneau\/wp-json\/wp\/v2\/posts\/11482\/revisions"}],"predecessor-version":[{"id":11489,"href":"https:\/\/www.coneau.gob.ar\/coneau\/wp-json\/wp\/v2\/posts\/11482\/revisions\/11489"}],"wp:featuredmedia":[{"embeddable":true,"href":"https:\/\/www.coneau.gob.ar\/coneau\/wp-json\/wp\/v2\/media\/11493"}],"wp:attachment":[{"href":"https:\/\/www.coneau.gob.ar\/coneau\/wp-json\/wp\/v2\/media?parent=11482"}],"wp:term":[{"taxonomy":"category","embeddable":true,"href":"https:\/\/www.coneau.gob.ar\/coneau\/wp-json\/wp\/v2\/categories?post=11482"},{"taxonomy":"post_tag","embeddable":true,"href":"https:\/\/www.coneau.gob.ar\/coneau\/wp-json\/wp\/v2\/tags?post=11482"}],"curies":[{"name":"wp","href":"https:\/\/api.w.org\/{rel}","templated":true}]}}