{"id":11000,"date":"2024-03-07T15:19:17","date_gmt":"2024-03-07T18:19:17","guid":{"rendered":"https:\/\/www.coneau.gob.ar\/coneau\/?p=11000"},"modified":"2024-04-24T13:52:34","modified_gmt":"2024-04-24T16:52:34","slug":"participacion-argentina-en-jornadas-de-aseguramiento-de-la-calidad-educativa-de-la-universidad-tecnologica-del-uruguay","status":"publish","type":"post","link":"https:\/\/www.coneau.gob.ar\/coneau\/participacion-argentina-en-jornadas-de-aseguramiento-de-la-calidad-educativa-de-la-universidad-tecnologica-del-uruguay\/","title":{"rendered":"Participaci\u00f3n argentina en jornadas de aseguramiento de la calidad educativa de la Universidad Tecnol\u00f3gica del Uruguay"},"content":{"rendered":"<div class=\"wp-block-image\">\n<figure class=\"alignright size-large is-resized\"><a href=\"https:\/\/www.coneau.gob.ar\/coneau\/wp-content\/uploads\/2024\/03\/Jornada-UTEC-1.jpeg\"><img decoding=\"async\" loading=\"lazy\" src=\"https:\/\/www.coneau.gob.ar\/coneau\/wp-content\/uploads\/2024\/03\/Jornada-UTEC-1-1024x494.jpeg\" alt=\"\" class=\"wp-image-11003\" width=\"408\" height=\"197\" srcset=\"https:\/\/www.coneau.gob.ar\/coneau\/wp-content\/uploads\/2024\/03\/Jornada-UTEC-1-1024x494.jpeg 1024w, https:\/\/www.coneau.gob.ar\/coneau\/wp-content\/uploads\/2024\/03\/Jornada-UTEC-1-300x145.jpeg 300w, https:\/\/www.coneau.gob.ar\/coneau\/wp-content\/uploads\/2024\/03\/Jornada-UTEC-1-768x371.jpeg 768w, https:\/\/www.coneau.gob.ar\/coneau\/wp-content\/uploads\/2024\/03\/Jornada-UTEC-1.jpeg 1440w\" sizes=\"(max-width: 408px) 100vw, 408px\" \/><\/a><\/figure><\/div>\n\n\n<p><strong>El pasado jueves 29 de febrero, la directora de Acreditaci\u00f3n de Carreras de CONEAU, Marcela Groppo, particip\u00f3 como ponente en las VII Jornadas de Formaci\u00f3n y Perfeccionamiento Docente organizadas por la Universidad Tecnol\u00f3gica del Uruguay (UTEC).<\/strong><\/p>\n\n\n\n<p>El evento, que se llev\u00f3 a cabo de manera virtual, promovi\u00f3 espacios de reflexi\u00f3n, intercambio y actualizaci\u00f3n en torno a las pr\u00e1cticas docentes en el contexto universitario, desde la perspectiva del aseguramiento de la calidad educativa. Las jornadas incluyeron conferencias y talleres a cargo de expertos en diversos aspectos vinculados a la tem\u00e1tica.<\/p>\n\n\n<div class=\"wp-block-image\">\n<figure class=\"alignright size-large is-resized\"><a href=\"https:\/\/www.coneau.gob.ar\/coneau\/wp-content\/uploads\/2024\/03\/Jornada-UTEC-2.jpeg\"><img decoding=\"async\" loading=\"lazy\" src=\"https:\/\/www.coneau.gob.ar\/coneau\/wp-content\/uploads\/2024\/03\/Jornada-UTEC-2-1024x531.jpeg\" alt=\"\" class=\"wp-image-11004\" width=\"408\" height=\"197\"\/><\/a><\/figure><\/div>\n\n\n<p>En este marco, Groppo fue invitada a participar en la conferencia \u201cExperiencia argentina en Calidad educativa\u201d. Durante su exposici\u00f3n, la representante de CONEAU abord\u00f3 las principales caracter\u00edsticas de la evaluaci\u00f3n y acreditaci\u00f3n universitaria en Argentina, en tanto acciones de aseguramiento de la calidad de la educaci\u00f3n superior. Explic\u00f3 las funciones del organismo y los procedimientos que se implementan para la evaluaci\u00f3n de instituciones universitarias, la acreditaci\u00f3n de carreras de grado de inter\u00e9s p\u00fablico y la acreditaci\u00f3n de carreras de posgrado. Asimismo, refiri\u00f3&nbsp; a los principales criterios a tener en cuenta para la construcci\u00f3n de los indicadores de calidad m\u00e1s relevantes que se consideran durante la evaluaci\u00f3n institucional.<\/p>\n\n\n\n<p>La exposici\u00f3n de Groppo ofreci\u00f3 a los participantes una visi\u00f3n integral de la experiencia argentina en aseguramiento de la calidad de la educaci\u00f3n superior y del rol de la CONEAU en el contexto nacional e internacional, contribuyendo al an\u00e1lisis y la reflexi\u00f3n en torno a las pr\u00e1cticas educativas en la regi\u00f3n.<\/p>\n","protected":false},"excerpt":{"rendered":"<p>El pasado jueves 29 de febrero, la directora de Acreditaci\u00f3n de Carreras de CONEAU, Marcela Groppo, particip\u00f3 como ponente en las VII Jornadas de Formaci\u00f3n y Perfeccionamiento Docente organizadas por la Universidad Tecnol\u00f3gica del Uruguay (UTEC). El evento, que se llev\u00f3 a cabo de manera virtual, promovi\u00f3 espacios de reflexi\u00f3n, intercambio y actualizaci\u00f3n en torno &hellip; <a href=\"https:\/\/www.coneau.gob.ar\/coneau\/participacion-argentina-en-jornadas-de-aseguramiento-de-la-calidad-educativa-de-la-universidad-tecnologica-del-uruguay\/\" class=\"more-link\">Seguir leyendo <span class=\"screen-reader-text\">Participaci\u00f3n argentina en jornadas de aseguramiento de la calidad educativa de la Universidad Tecnol\u00f3gica del Uruguay<\/span> <span class=\"meta-nav\">&rarr;<\/span><\/a><\/p>\n","protected":false},"author":2,"featured_media":8659,"comment_status":"open","ping_status":"open","sticky":false,"template":"","format":"standard","meta":[],"categories":[33],"tags":[],"acf":[],"_links":{"self":[{"href":"https:\/\/www.coneau.gob.ar\/coneau\/wp-json\/wp\/v2\/posts\/11000"}],"collection":[{"href":"https:\/\/www.coneau.gob.ar\/coneau\/wp-json\/wp\/v2\/posts"}],"about":[{"href":"https:\/\/www.coneau.gob.ar\/coneau\/wp-json\/wp\/v2\/types\/post"}],"author":[{"embeddable":true,"href":"https:\/\/www.coneau.gob.ar\/coneau\/wp-json\/wp\/v2\/users\/2"}],"replies":[{"embeddable":true,"href":"https:\/\/www.coneau.gob.ar\/coneau\/wp-json\/wp\/v2\/comments?post=11000"}],"version-history":[{"count":2,"href":"https:\/\/www.coneau.gob.ar\/coneau\/wp-json\/wp\/v2\/posts\/11000\/revisions"}],"predecessor-version":[{"id":11005,"href":"https:\/\/www.coneau.gob.ar\/coneau\/wp-json\/wp\/v2\/posts\/11000\/revisions\/11005"}],"wp:featuredmedia":[{"embeddable":true,"href":"https:\/\/www.coneau.gob.ar\/coneau\/wp-json\/wp\/v2\/media\/8659"}],"wp:attachment":[{"href":"https:\/\/www.coneau.gob.ar\/coneau\/wp-json\/wp\/v2\/media?parent=11000"}],"wp:term":[{"taxonomy":"category","embeddable":true,"href":"https:\/\/www.coneau.gob.ar\/coneau\/wp-json\/wp\/v2\/categories?post=11000"},{"taxonomy":"post_tag","embeddable":true,"href":"https:\/\/www.coneau.gob.ar\/coneau\/wp-json\/wp\/v2\/tags?post=11000"}],"curies":[{"name":"wp","href":"https:\/\/api.w.org\/{rel}","templated":true}]}}