{"id":10856,"date":"2023-12-21T16:52:06","date_gmt":"2023-12-21T19:52:06","guid":{"rendered":"https:\/\/www.coneau.gob.ar\/coneau\/?p=10856"},"modified":"2024-04-25T10:29:43","modified_gmt":"2024-04-25T13:29:43","slug":"coneau-participo-de-la-viii-reunion-plenaria-de-siaces","status":"publish","type":"post","link":"https:\/\/www.coneau.gob.ar\/coneau\/coneau-participo-de-la-viii-reunion-plenaria-de-siaces\/","title":{"rendered":"CONEAU particip\u00f3 de la VIII reuni\u00f3n plenaria de SIACES"},"content":{"rendered":"<div class=\"wp-block-image\">\n<figure class=\"alignright size-large is-resized\"><a href=\"https:\/\/www.coneau.gob.ar\/coneau\/wp-content\/uploads\/2023\/12\/WhatsApp-Image-2023-12-21-at-14.43.17-1.jpeg\"><img decoding=\"async\" loading=\"lazy\" src=\"https:\/\/www.coneau.gob.ar\/coneau\/wp-content\/uploads\/2023\/12\/WhatsApp-Image-2023-12-21-at-14.43.17-1-1024x576.jpeg\" alt=\"\" class=\"wp-image-10863\" width=\"245\" height=\"137\" srcset=\"https:\/\/www.coneau.gob.ar\/coneau\/wp-content\/uploads\/2023\/12\/WhatsApp-Image-2023-12-21-at-14.43.17-1-1024x576.jpeg 1024w, https:\/\/www.coneau.gob.ar\/coneau\/wp-content\/uploads\/2023\/12\/WhatsApp-Image-2023-12-21-at-14.43.17-1-300x169.jpeg 300w, https:\/\/www.coneau.gob.ar\/coneau\/wp-content\/uploads\/2023\/12\/WhatsApp-Image-2023-12-21-at-14.43.17-1-768x432.jpeg 768w, https:\/\/www.coneau.gob.ar\/coneau\/wp-content\/uploads\/2023\/12\/WhatsApp-Image-2023-12-21-at-14.43.17-1-672x372.jpeg 672w, https:\/\/www.coneau.gob.ar\/coneau\/wp-content\/uploads\/2023\/12\/WhatsApp-Image-2023-12-21-at-14.43.17-1-1038x576.jpeg 1038w, https:\/\/www.coneau.gob.ar\/coneau\/wp-content\/uploads\/2023\/12\/WhatsApp-Image-2023-12-21-at-14.43.17-1.jpeg 1296w\" sizes=\"(max-width: 245px) 100vw, 245px\" \/><\/a><\/figure><\/div>\n\n\n<p>En representaci\u00f3n de la Presidencia y Secretar\u00eda T\u00e9cnica del Sistema Iberoamericano de Aseguramiento de la Calidad de la Educaci\u00f3n Superior (SIACES), respectivamente, el Presidente de la CONEAU, N\u00e9stor Pan, y la Responsable de Relaciones Internacionales, Sof\u00eda Farizano, participaron de la VIII reuni\u00f3n plenaria que se realiz\u00f3 los d\u00edas 13 y 14 de diciembre en la ciudad de Santiago, Chile.<\/p>\n\n\n<div class=\"wp-block-image\">\n<figure class=\"alignright size-large is-resized\"><a href=\"https:\/\/www.coneau.gob.ar\/coneau\/wp-content\/uploads\/2023\/12\/WhatsApp-Image-2023-12-21-at-14.43.16-2-2.jpeg\"><img decoding=\"async\" loading=\"lazy\" src=\"https:\/\/www.coneau.gob.ar\/coneau\/wp-content\/uploads\/2023\/12\/WhatsApp-Image-2023-12-21-at-14.43.16-2-2-1024x679.jpeg\" alt=\"\" class=\"wp-image-10865\" width=\"246\" height=\"163\" srcset=\"https:\/\/www.coneau.gob.ar\/coneau\/wp-content\/uploads\/2023\/12\/WhatsApp-Image-2023-12-21-at-14.43.16-2-2-1024x679.jpeg 1024w, https:\/\/www.coneau.gob.ar\/coneau\/wp-content\/uploads\/2023\/12\/WhatsApp-Image-2023-12-21-at-14.43.16-2-2-300x199.jpeg 300w, https:\/\/www.coneau.gob.ar\/coneau\/wp-content\/uploads\/2023\/12\/WhatsApp-Image-2023-12-21-at-14.43.16-2-2-768x509.jpeg 768w, https:\/\/www.coneau.gob.ar\/coneau\/wp-content\/uploads\/2023\/12\/WhatsApp-Image-2023-12-21-at-14.43.16-2-2.jpeg 1035w\" sizes=\"(max-width: 246px) 100vw, 246px\" \/><\/a><\/figure><\/div>\n\n\n<p>El encuentro se desarroll\u00f3 en formato h\u00edbrido y reuni\u00f3 a representantes de organismos de aseguramiento de la calidad de la educaci\u00f3n superior de Costa Rica, Chile, Uruguay, Cuba, M\u00e9xico, Colombia, Andorra, Espa\u00f1a y Per\u00fa. La reuni\u00f3n cont\u00f3, adem\u00e1s, con la participaci\u00f3n especial de Cristina Ghitulica, Vicepresidenta de la Asociaci\u00f3n Europea para la Calidad de la Educaci\u00f3n Superior (ENQA por su nombre en ingl\u00e9s) y de Chantal P\u00e9rez por la Asociaci\u00f3n Universitaria Iberoamericana de Postgrado.<\/p>\n\n\n<div class=\"wp-block-image\">\n<figure class=\"alignright size-large is-resized\"><a href=\"https:\/\/www.coneau.gob.ar\/coneau\/wp-content\/uploads\/2023\/12\/WhatsApp-Image-2023-12-21-at-14.43.16-3.jpeg\"><img decoding=\"async\" loading=\"lazy\" src=\"https:\/\/www.coneau.gob.ar\/coneau\/wp-content\/uploads\/2023\/12\/WhatsApp-Image-2023-12-21-at-14.43.16-3-1024x495.jpeg\" alt=\"\" class=\"wp-image-10866\" width=\"246\" height=\"125\"\/><\/a><\/figure><\/div>\n\n\n<p>La agenda de actividades incluy\u00f3 el tratamiento de propuestas vinculadas al fortalecimiento del di\u00e1logo interregional, el desarrollo de nuevas actividades de formaci\u00f3n, la incorporaci\u00f3n de la dimensi\u00f3n de g\u00e9nero a las buenas pr\u00e1cticas SIACES y la implementaci\u00f3n del Suplemento al T\u00edtulo en tanto instrumento para favorecer el reconocimiento de los estudios en la regi\u00f3n.<\/p>\n\n\n<div class=\"wp-block-image\">\n<figure class=\"alignright size-large is-resized\"><a href=\"https:\/\/www.coneau.gob.ar\/coneau\/wp-content\/uploads\/2023\/12\/WhatsApp-Image-2023-12-21-at-14.43.16-1-1.jpeg\"><img decoding=\"async\" loading=\"lazy\" src=\"https:\/\/www.coneau.gob.ar\/coneau\/wp-content\/uploads\/2023\/12\/WhatsApp-Image-2023-12-21-at-14.43.16-1-1-1024x576.jpeg\" alt=\"\" class=\"wp-image-10867\" width=\"246\" height=\"145\"\/><\/a><\/figure><\/div>\n\n\n<p>En el marco de la reuni\u00f3n, N\u00e9stor Pan disert\u00f3 sobre \u201cAprendizajes y Desaf\u00edos de la Educaci\u00f3n Superior Iberoamericana\u201d en el conversatorio que se desarroll\u00f3 el 13 de diciembre. La actividad fue organizada por CNA-Chile y convoc\u00f3 a autoridades del sistema, rectores de instituciones universitarias chilenas y acad\u00e9micos.<\/p>\n\n\n\n<p><a href=\"https:\/\/www.siaces.org\/se-desarrollo-el-viii-plenario-de-siaces\/\">Click para m\u00e1s informaci\u00f3n<\/a><\/p>\n\n\n\n<p><\/p>\n","protected":false},"excerpt":{"rendered":"<p>En representaci\u00f3n de la Presidencia y Secretar\u00eda T\u00e9cnica del Sistema Iberoamericano de Aseguramiento de la Calidad de la Educaci\u00f3n Superior (SIACES), respectivamente, el Presidente de la CONEAU, N\u00e9stor Pan, y la Responsable de Relaciones Internacionales, Sof\u00eda Farizano, participaron de la VIII reuni\u00f3n plenaria que se realiz\u00f3 los d\u00edas 13 y 14 de diciembre en la &hellip; <a href=\"https:\/\/www.coneau.gob.ar\/coneau\/coneau-participo-de-la-viii-reunion-plenaria-de-siaces\/\" class=\"more-link\">Seguir leyendo <span class=\"screen-reader-text\">CONEAU particip\u00f3 de la VIII reuni\u00f3n plenaria de SIACES<\/span> <span class=\"meta-nav\">&rarr;<\/span><\/a><\/p>\n","protected":false},"author":2,"featured_media":10857,"comment_status":"open","ping_status":"open","sticky":false,"template":"","format":"standard","meta":[],"categories":[33],"tags":[],"acf":[],"_links":{"self":[{"href":"https:\/\/www.coneau.gob.ar\/coneau\/wp-json\/wp\/v2\/posts\/10856"}],"collection":[{"href":"https:\/\/www.coneau.gob.ar\/coneau\/wp-json\/wp\/v2\/posts"}],"about":[{"href":"https:\/\/www.coneau.gob.ar\/coneau\/wp-json\/wp\/v2\/types\/post"}],"author":[{"embeddable":true,"href":"https:\/\/www.coneau.gob.ar\/coneau\/wp-json\/wp\/v2\/users\/2"}],"replies":[{"embeddable":true,"href":"https:\/\/www.coneau.gob.ar\/coneau\/wp-json\/wp\/v2\/comments?post=10856"}],"version-history":[{"count":3,"href":"https:\/\/www.coneau.gob.ar\/coneau\/wp-json\/wp\/v2\/posts\/10856\/revisions"}],"predecessor-version":[{"id":10990,"href":"https:\/\/www.coneau.gob.ar\/coneau\/wp-json\/wp\/v2\/posts\/10856\/revisions\/10990"}],"wp:featuredmedia":[{"embeddable":true,"href":"https:\/\/www.coneau.gob.ar\/coneau\/wp-json\/wp\/v2\/media\/10857"}],"wp:attachment":[{"href":"https:\/\/www.coneau.gob.ar\/coneau\/wp-json\/wp\/v2\/media?parent=10856"}],"wp:term":[{"taxonomy":"category","embeddable":true,"href":"https:\/\/www.coneau.gob.ar\/coneau\/wp-json\/wp\/v2\/categories?post=10856"},{"taxonomy":"post_tag","embeddable":true,"href":"https:\/\/www.coneau.gob.ar\/coneau\/wp-json\/wp\/v2\/tags?post=10856"}],"curies":[{"name":"wp","href":"https:\/\/api.w.org\/{rel}","templated":true}]}}