{"id":10538,"date":"2023-10-26T18:39:47","date_gmt":"2023-10-26T21:39:47","guid":{"rendered":"https:\/\/www.coneau.gob.ar\/coneau\/?p=10538"},"modified":"2023-10-26T18:40:06","modified_gmt":"2023-10-26T21:40:06","slug":"coneau-y-oei-presentaron-la-publicacion-los-sistemas-nacionales-de-aseguramiento-de-la-calidad-de-la-educacion-superior-en-iberoamerica-2","status":"publish","type":"post","link":"https:\/\/www.coneau.gob.ar\/coneau\/coneau-y-oei-presentaron-la-publicacion-los-sistemas-nacionales-de-aseguramiento-de-la-calidad-de-la-educacion-superior-en-iberoamerica-2\/","title":{"rendered":"CONEAU y OEI presentaron la publicaci\u00f3n \u00abLos sistemas nacionales de aseguramiento de la calidad de la educaci\u00f3n superior en Iberoam\u00e9rica\u00bb"},"content":{"rendered":"<p><strong>Elaborada de manera conjunta entre CONEAU y la Organizaci\u00f3n de Estados Iberoamericanos, la publicaci\u00f3n fue presentada a la comunidad internacional el 10 de septiembre, a trav\u00e9s de un evento online que cont\u00f3 con la participaci\u00f3n de m\u00e1s de 300 funcionarios, expertos, representantes de agencias de aseguramiento de la calidad e instituciones de educaci\u00f3n superior.<\/strong><\/p>\n<p>La inauguraci\u00f3n del encuentro estuvo a cargo del Director de la Oficina de la OEI en Argentina, <strong>Luis Scasso.<\/strong> &nbsp;Seguidamente tomaron la palabra el Presidente de la CONEAU y SIACES, <strong>N\u00e9stor Pan<\/strong> y el Secretario General de la OEI, <strong>Mariano Jabonero<\/strong>. Ambas autoridades enfatizaron la importancia del trabajo institucional realizado representando una verdadera experiencia de cooperaci\u00f3n estrat\u00e9gica para la regi\u00f3n iberoamericana.<\/p>\n<p>Por su parte, la Coordinadora de Educaci\u00f3n Superior, ETP y ciencia de la OEI,&nbsp;<strong>Ana Capilla<\/strong>, hizo hincapi\u00e9 en las demandas que dieron lugar a la elaboraci\u00f3n de la publicaci\u00f3n y remarc\u00f3 su riqueza al constituirse como una primera herramienta capaz de condensar y compartir las pr\u00e1cticas concretas que se realizan a nivel regional, en pos del aseguramiento de la calidad de la educaci\u00f3n superior.<\/p>\n<p>Seguidamente, el autor principal de la publicaci\u00f3n y Director de Desarrollo y Relaciones Internacionales de la CONEAU, <strong>Mart\u00edn Strah<\/strong>, present\u00f3 los principales ejes de an\u00e1lisis que dieron cuerpo al informe. Resalt\u00f3 la fiabilidad y actualidad de la informaci\u00f3n, recopilada a trav\u00e9s de entrevistas a m\u00e1ximas autoridades y equipos de las agencias de los 22 pa\u00edses de la &nbsp;regi\u00f3n iberoamericana. Al final de su disertaci\u00f3n comparti\u00f3 las principales conclusiones de la investigaci\u00f3n.<\/p>\n<p>El cierre del encuentro estuvo a cargo del coordinador del&nbsp;Observatorio Iberoamericano de la Ciencia, la Tecnolog\u00eda y la Sociedad (OCTS)&nbsp;de la OEI, <strong>Mario Albornoz<\/strong>, quien valor\u00f3, una vez m\u00e1s, la publicaci\u00f3n como fruto de la cooperaci\u00f3n OEI \u2013 CONEAU para conocer los instrumentos promotores de la calidad de la educaci\u00f3n superior en la regi\u00f3n, e inst\u00f3 a las instituciones a seguir promoviendo la cultura de la integraci\u00f3n.<\/p>\n<p>Todos los oradores del evento elogiaron el trabajo realizado por el equipo de investigaci\u00f3n a cargo de la publicaci\u00f3n y avizoraron la continuidad del trabajo conjunto.<\/p>\n<p><strong>Compartimos el <a href=\"https:\/\/www.youtube.com\/watch?v=hdR9nbEOLes&amp;feature=youtu.be\">video completo disponible en YouTube<\/a><\/strong><\/p>\n<p><strong><a href=\"http:\/\/www.coneau.gob.ar\/archivos\/publicaciones\/documentos\/OEISistemasNacionalesAseguramientoIberoamerica.pdf\">Click aqu\u00ed para descargar la publicaci\u00f3n<\/a><\/strong><\/p>\n\n\n<p>&nbsp;<\/p>\n\n\n\n<div class=\"wp-block-jetpack-slideshow\" data-effect=\"slide\">\r\n<div class=\"wp-block-jetpack-slideshow_container swiper-container\">\r\n<ul class=\"wp-block-jetpack-slideshow_swiper-wrapper swiper-wrapper\">\r\n \t<li class=\"wp-block-jetpack-slideshow_slide swiper-slide\">\r\n<figure><img decoding=\"async\" loading=\"lazy\" width=\"1024\" height=\"576\" class=\"wp-block-jetpack-slideshow_image wp-image-6232\" src=\"https:\/\/www.coneau.gob.ar\/coneau\/wp-content\/uploads\/2020\/09\/5-1024x576.png\" alt=\"\" data-id=\"6232\" srcset=\"https:\/\/www.coneau.gob.ar\/coneau\/wp-content\/uploads\/2020\/09\/5-1024x576.png 1024w, https:\/\/www.coneau.gob.ar\/coneau\/wp-content\/uploads\/2020\/09\/5-300x169.png 300w, https:\/\/www.coneau.gob.ar\/coneau\/wp-content\/uploads\/2020\/09\/5-768x432.png 768w, https:\/\/www.coneau.gob.ar\/coneau\/wp-content\/uploads\/2020\/09\/5-1536x864.png 1536w, https:\/\/www.coneau.gob.ar\/coneau\/wp-content\/uploads\/2020\/09\/5.png 1920w\" sizes=\"(max-width: 1024px) 100vw, 1024px\" \/><\/figure>\r\n<\/li>\r\n \t<li class=\"wp-block-jetpack-slideshow_slide swiper-slide\">\r\n<figure><img decoding=\"async\" loading=\"lazy\" width=\"1024\" height=\"576\" class=\"wp-block-jetpack-slideshow_image wp-image-6235\" src=\"https:\/\/www.coneau.gob.ar\/coneau\/wp-content\/uploads\/2020\/09\/7-1024x576.png\" alt=\"\" data-id=\"6235\" srcset=\"https:\/\/www.coneau.gob.ar\/coneau\/wp-content\/uploads\/2020\/09\/7-1024x576.png 1024w, https:\/\/www.coneau.gob.ar\/coneau\/wp-content\/uploads\/2020\/09\/7-300x169.png 300w, https:\/\/www.coneau.gob.ar\/coneau\/wp-content\/uploads\/2020\/09\/7-768x432.png 768w, https:\/\/www.coneau.gob.ar\/coneau\/wp-content\/uploads\/2020\/09\/7-1536x864.png 1536w, https:\/\/www.coneau.gob.ar\/coneau\/wp-content\/uploads\/2020\/09\/7.png 1920w\" sizes=\"(max-width: 1024px) 100vw, 1024px\" \/><\/figure>\r\n<\/li>\r\n \t<li class=\"wp-block-jetpack-slideshow_slide swiper-slide\">\r\n<figure><img decoding=\"async\" loading=\"lazy\" width=\"1024\" height=\"576\" class=\"wp-block-jetpack-slideshow_image wp-image-6237\" src=\"https:\/\/www.coneau.gob.ar\/coneau\/wp-content\/uploads\/2020\/09\/8-1024x576.png\" alt=\"\" data-id=\"6237\" srcset=\"https:\/\/www.coneau.gob.ar\/coneau\/wp-content\/uploads\/2020\/09\/8-1024x576.png 1024w, https:\/\/www.coneau.gob.ar\/coneau\/wp-content\/uploads\/2020\/09\/8-300x169.png 300w, https:\/\/www.coneau.gob.ar\/coneau\/wp-content\/uploads\/2020\/09\/8-768x432.png 768w, https:\/\/www.coneau.gob.ar\/coneau\/wp-content\/uploads\/2020\/09\/8-1536x864.png 1536w, https:\/\/www.coneau.gob.ar\/coneau\/wp-content\/uploads\/2020\/09\/8.png 1920w\" sizes=\"(max-width: 1024px) 100vw, 1024px\" \/><\/figure>\r\n<\/li>\r\n \t<li class=\"wp-block-jetpack-slideshow_slide swiper-slide\">\r\n<figure><img decoding=\"async\" loading=\"lazy\" width=\"1024\" height=\"576\" class=\"wp-block-jetpack-slideshow_image wp-image-6238\" src=\"https:\/\/www.coneau.gob.ar\/coneau\/wp-content\/uploads\/2020\/09\/9-1024x576.png\" alt=\"\" data-id=\"6238\" srcset=\"https:\/\/www.coneau.gob.ar\/coneau\/wp-content\/uploads\/2020\/09\/9-1024x576.png 1024w, https:\/\/www.coneau.gob.ar\/coneau\/wp-content\/uploads\/2020\/09\/9-300x169.png 300w, https:\/\/www.coneau.gob.ar\/coneau\/wp-content\/uploads\/2020\/09\/9-768x432.png 768w, https:\/\/www.coneau.gob.ar\/coneau\/wp-content\/uploads\/2020\/09\/9-1536x864.png 1536w, https:\/\/www.coneau.gob.ar\/coneau\/wp-content\/uploads\/2020\/09\/9.png 1920w\" sizes=\"(max-width: 1024px) 100vw, 1024px\" \/><\/figure>\r\n<\/li>\r\n \t<li class=\"wp-block-jetpack-slideshow_slide swiper-slide\">\r\n<figure><img decoding=\"async\" loading=\"lazy\" width=\"1024\" height=\"576\" class=\"wp-block-jetpack-slideshow_image wp-image-6239\" src=\"https:\/\/www.coneau.gob.ar\/coneau\/wp-content\/uploads\/2020\/09\/10-1024x576.png\" alt=\"\" data-id=\"6239\" srcset=\"https:\/\/www.coneau.gob.ar\/coneau\/wp-content\/uploads\/2020\/09\/10-1024x576.png 1024w, https:\/\/www.coneau.gob.ar\/coneau\/wp-content\/uploads\/2020\/09\/10-300x169.png 300w, https:\/\/www.coneau.gob.ar\/coneau\/wp-content\/uploads\/2020\/09\/10-768x432.png 768w, https:\/\/www.coneau.gob.ar\/coneau\/wp-content\/uploads\/2020\/09\/10-1536x864.png 1536w, https:\/\/www.coneau.gob.ar\/coneau\/wp-content\/uploads\/2020\/09\/10.png 1920w\" sizes=\"(max-width: 1024px) 100vw, 1024px\" \/><\/figure>\r\n<\/li>\r\n \t<li class=\"wp-block-jetpack-slideshow_slide swiper-slide\">\r\n<figure><img decoding=\"async\" loading=\"lazy\" width=\"1024\" height=\"576\" class=\"wp-block-jetpack-slideshow_image wp-image-6240\" src=\"https:\/\/www.coneau.gob.ar\/coneau\/wp-content\/uploads\/2020\/09\/11-1024x576.png\" alt=\"\" data-id=\"6240\" srcset=\"https:\/\/www.coneau.gob.ar\/coneau\/wp-content\/uploads\/2020\/09\/11-1024x576.png 1024w, https:\/\/www.coneau.gob.ar\/coneau\/wp-content\/uploads\/2020\/09\/11-300x169.png 300w, https:\/\/www.coneau.gob.ar\/coneau\/wp-content\/uploads\/2020\/09\/11-768x432.png 768w, https:\/\/www.coneau.gob.ar\/coneau\/wp-content\/uploads\/2020\/09\/11-1536x864.png 1536w, https:\/\/www.coneau.gob.ar\/coneau\/wp-content\/uploads\/2020\/09\/11.png 1920w\" sizes=\"(max-width: 1024px) 100vw, 1024px\" \/><\/figure>\r\n<\/li>\r\n \t<li class=\"wp-block-jetpack-slideshow_slide swiper-slide\">\r\n<figure><img decoding=\"async\" loading=\"lazy\" width=\"1024\" height=\"576\" class=\"wp-block-jetpack-slideshow_image wp-image-6241\" src=\"https:\/\/www.coneau.gob.ar\/coneau\/wp-content\/uploads\/2020\/09\/12-1024x576.png\" alt=\"\" data-id=\"6241\" srcset=\"https:\/\/www.coneau.gob.ar\/coneau\/wp-content\/uploads\/2020\/09\/12-1024x576.png 1024w, https:\/\/www.coneau.gob.ar\/coneau\/wp-content\/uploads\/2020\/09\/12-300x169.png 300w, https:\/\/www.coneau.gob.ar\/coneau\/wp-content\/uploads\/2020\/09\/12-768x432.png 768w, https:\/\/www.coneau.gob.ar\/coneau\/wp-content\/uploads\/2020\/09\/12-1536x864.png 1536w, https:\/\/www.coneau.gob.ar\/coneau\/wp-content\/uploads\/2020\/09\/12.png 1920w\" sizes=\"(max-width: 1024px) 100vw, 1024px\" \/><\/figure>\r\n<\/li>\r\n \t<li class=\"wp-block-jetpack-slideshow_slide swiper-slide\">\r\n<figure><img decoding=\"async\" loading=\"lazy\" width=\"1024\" height=\"576\" class=\"wp-block-jetpack-slideshow_image wp-image-6242\" src=\"https:\/\/www.coneau.gob.ar\/coneau\/wp-content\/uploads\/2020\/09\/13-1024x576.png\" alt=\"\" data-id=\"6242\" srcset=\"https:\/\/www.coneau.gob.ar\/coneau\/wp-content\/uploads\/2020\/09\/13-1024x576.png 1024w, https:\/\/www.coneau.gob.ar\/coneau\/wp-content\/uploads\/2020\/09\/13-300x169.png 300w, https:\/\/www.coneau.gob.ar\/coneau\/wp-content\/uploads\/2020\/09\/13-768x432.png 768w, https:\/\/www.coneau.gob.ar\/coneau\/wp-content\/uploads\/2020\/09\/13-1536x864.png 1536w, https:\/\/www.coneau.gob.ar\/coneau\/wp-content\/uploads\/2020\/09\/13.png 1920w\" sizes=\"(max-width: 1024px) 100vw, 1024px\" \/><\/figure>\r\n<\/li>\r\n<\/ul>\r\n<div class=\"wp-block-jetpack-slideshow_pagination swiper-pagination swiper-pagination-white\"><\/div>\r\n<\/div>\r\n<\/div>\n","protected":false},"excerpt":{"rendered":"<p>Elaborada de manera conjunta entre CONEAU y la Organizaci\u00f3n de Estados Iberoamericanos, la publicaci\u00f3n fue presentada a la comunidad internacional el 10 de septiembre, a trav\u00e9s de un evento online que cont\u00f3 con la participaci\u00f3n de m\u00e1s de 300 funcionarios, expertos, representantes de agencias de aseguramiento de la calidad e instituciones de educaci\u00f3n superior. La &hellip; <a href=\"https:\/\/www.coneau.gob.ar\/coneau\/coneau-y-oei-presentaron-la-publicacion-los-sistemas-nacionales-de-aseguramiento-de-la-calidad-de-la-educacion-superior-en-iberoamerica-2\/\" class=\"more-link\">Seguir leyendo <span class=\"screen-reader-text\">CONEAU y OEI presentaron la publicaci\u00f3n \u00abLos sistemas nacionales de aseguramiento de la calidad de la educaci\u00f3n superior en Iberoam\u00e9rica\u00bb<\/span> <span class=\"meta-nav\">&rarr;<\/span><\/a><\/p>\n","protected":false},"author":2,"featured_media":0,"comment_status":"open","ping_status":"open","sticky":false,"template":"","format":"standard","meta":[],"categories":[1],"tags":[],"acf":[],"_links":{"self":[{"href":"https:\/\/www.coneau.gob.ar\/coneau\/wp-json\/wp\/v2\/posts\/10538"}],"collection":[{"href":"https:\/\/www.coneau.gob.ar\/coneau\/wp-json\/wp\/v2\/posts"}],"about":[{"href":"https:\/\/www.coneau.gob.ar\/coneau\/wp-json\/wp\/v2\/types\/post"}],"author":[{"embeddable":true,"href":"https:\/\/www.coneau.gob.ar\/coneau\/wp-json\/wp\/v2\/users\/2"}],"replies":[{"embeddable":true,"href":"https:\/\/www.coneau.gob.ar\/coneau\/wp-json\/wp\/v2\/comments?post=10538"}],"version-history":[{"count":2,"href":"https:\/\/www.coneau.gob.ar\/coneau\/wp-json\/wp\/v2\/posts\/10538\/revisions"}],"predecessor-version":[{"id":10541,"href":"https:\/\/www.coneau.gob.ar\/coneau\/wp-json\/wp\/v2\/posts\/10538\/revisions\/10541"}],"wp:attachment":[{"href":"https:\/\/www.coneau.gob.ar\/coneau\/wp-json\/wp\/v2\/media?parent=10538"}],"wp:term":[{"taxonomy":"category","embeddable":true,"href":"https:\/\/www.coneau.gob.ar\/coneau\/wp-json\/wp\/v2\/categories?post=10538"},{"taxonomy":"post_tag","embeddable":true,"href":"https:\/\/www.coneau.gob.ar\/coneau\/wp-json\/wp\/v2\/tags?post=10538"}],"curies":[{"name":"wp","href":"https:\/\/api.w.org\/{rel}","templated":true}]}}